{"id":2937,"date":"2014-06-19T11:57:08","date_gmt":"2014-06-19T11:57:08","guid":{"rendered":"http:\/\/rurallascolonias.com.ar\/?p=2937"},"modified":"2014-06-19T11:57:08","modified_gmt":"2014-06-19T11:57:08","slug":"piden-declarar-la-emergencia-agropecuaria-por-la-crecida-del-rio-parana","status":"publish","type":"post","link":"http:\/\/rurallascolonias.com.ar\/?p=2937","title":{"rendered":"Piden declarar la emergencia agropecuaria por la crecida del r\u00edo Paran\u00e1"},"content":{"rendered":"<p><span style=\"color: #666666;\"><a href=\"http:\/\/rurallascolonias.com.ar\/wp-content\/uploads\/2014\/06\/Lluvias_campos_inundados.jpg\"><img loading=\"lazy\" class=\"aligncenter wp-image-2844 size-medium\" src=\"http:\/\/rurallascolonias.com.ar\/wp-content\/uploads\/2014\/06\/Lluvias_campos_inundados-300x225.jpg\" alt=\"Lluvias_campos_inundados\" width=\"300\" height=\"225\" srcset=\"http:\/\/rurallascolonias.com.ar\/wp-content\/uploads\/2014\/06\/Lluvias_campos_inundados-300x225.jpg 300w, http:\/\/rurallascolonias.com.ar\/wp-content\/uploads\/2014\/06\/Lluvias_campos_inundados.jpg 600w\" sizes=\"(max-width: 300px) 100vw, 300px\" \/><\/a>Las inundaciones dejaron a los productores del litoral en una situaci\u00f3n tr\u00e1gica<\/span><!--more--><\/p>\n<p style=\"color: #222222;\">Productores correntinos pidieron que se declare la emergencia agropecuaria. El nivel del agua se manten\u00eda estable con 7,16 metros de alto en Corrientes y, en Chaco, alcanz\u00f3 su pico m\u00e1ximo con 7 en la localidad de Barranqueras, seg\u00fan publica el diario La Prensa.<\/p>\n<p style=\"color: #222222;\">\n<p style=\"color: #222222;\">La crecida del r\u00edo Paran\u00e1, que desde hace diez d\u00edas afecta al territorio\u00a0argentino tras las fuertes lluvias en Brasil, ayer se manten\u00eda estable con 7,16\u00a0metros de alto en la \u00faltima medici\u00f3n en Corrientes y en 7 en Barranqueras,\u00a0Chaco, pero cientos de personas segu\u00edan evacuadas a modo de prevenci\u00f3n en\u00a0el Litoral.<\/p>\n<p style=\"color: #222222;\">\n<p style=\"color: #222222;\">Productores agropecuarios correntinos pidieron al gobierno provincial que se\u00a0declare la emergencia en ocho municipios afectados por las inundaciones,\u00a0mientras en Formosa la crecida persistente del r\u00edo Paraguay, que lleg\u00f3 a 7,95\u00a0metros, dej\u00f3 cientos de evacuados en Clorinda.<\/p>\n<p style=\"color: #222222;\">\n<p style=\"color: #222222;\">El r\u00edo Paran\u00e1 lleg\u00f3 ayer a su pico en la localidad chaque\u00f1a de Barranqueras y\u00a0hoy comenzar\u00e1 a descender, aunque de forma lenta debido al aporte del r\u00edo\u00a0Paraguay que est\u00e1 en su m\u00e1ximo cauce, seg\u00fan el informe difundido por la\u00a0Administraci\u00f3n Provincial del Agua (APA).<\/p>\n<p style=\"color: #222222;\">En Puerto Barranqueras el hidr\u00f3metro marca 7 metros estacionario, llegando\u00a0as\u00ed al pico de la creciente. El valor de la crecida es de caracter\u00edsticas similares\u00a0a la experimentada en julio del a\u00f1o pasado cuando lleg\u00f3 a 7,09 metros.<\/p>\n<p style=\"color: #222222;\">\n<p style=\"color: #222222;\">APA espera que a partir de hoy comience el descenso de las aguas, aunque de\u00a0forma lenta. .<\/p>\n<p style=\"color: #222222;\">\n<p style=\"color: #222222;\">\u00abEsta bajante se notar\u00e1 con claridad a partir de la semana que viene\u00bb, precis\u00f3\u00a0el informe del organismo.<\/p>\n<p style=\"color: #222222;\">El trabaj\u00f3 se\u00f1al\u00f3 que \u00ablas abundantes lluvias del fin de semana anterior sobre\u00a0la cuenca del r\u00edo Iguaz\u00fa ha generado una crecida sobre el r\u00edo Paran\u00e1 que hoy\u00a0(por ayer) tiene su m\u00e1xima altura en Corrientes y Barranqueras\u00bb.<\/p>\n<p style=\"color: #222222;\">\n<p style=\"color: #222222;\">En ese sentido, los datos de Paso de la Patria muestran que el agua comenz\u00f3\u00a0a descender, con una altura de 7,40 metros a las 6 de la ma\u00f1ana, solamente 1\u00a0cent\u00edmetro menos que el dato anterior.<\/p>\n<p style=\"color: #222222;\">\n<p style=\"color: #222222;\">En Corrientes, en tanto, la Comisi\u00f3n Provincial de Emergencia Agropecuaria\u00a0envi\u00f3 una nota al gobernador Ricardo Colombi pidiendo atender la situaci\u00f3n\u00a0de productores de ocho localidades afectados por las lluvias de los \u00faltimos\u00a0meses y la crecida del Paran\u00e1.<\/p>\n<p style=\"color: #222222;\">\n<p style=\"color: #222222;\">En Formosa, la creciente del Paraguay ubic\u00f3 el nivel del r\u00edo en 7,95 metros en\u00a0el puerto de la capital de la provincia, pero el ministro de Gobierno, Jorge\u00a0Gonz\u00e1lez, se\u00f1al\u00f3 que si bien el curso de agua \u00abva a seguir creciendo, pero ni\u00a0por asomo llegar\u00e1 a la altura de 1983\u00bb, cuando super\u00f3 los 10 metros.<\/p>\n<p style=\"color: #222222;\">\n<p style=\"color: #222222;\">\u00abEl r\u00edo seguir\u00e1 creciendo unos d\u00edas m\u00e1s, pero nada para alarmarse. Ser\u00e1n\u00a0unos 20 \u00f3 30 cent\u00edmetros m\u00e1s, lo que est\u00e1 muy lejos de los niveles hist\u00f3ricos\u00a0m\u00e1ximos que tenemos en registros\u00bb, indic\u00f3 el funcionario ante la prensa.<\/p>\n<p style=\"color: #222222;\">Gonz\u00e1lez se\u00f1al\u00f3 que \u00abhace muchos a\u00f1os no ten\u00edamos una crecida\u00a0importante\u00bb en la regi\u00f3n.<\/p>\n<p style=\"color: #222222;\">\n<p style=\"color: #222222;\">El gobierno formose\u00f1o detall\u00f3 que realiz\u00f3 evacuaciones en Clorinda, barrios\u00a0ribere\u00f1os de Formosa capital e islas, donde en promedio hab\u00eda unas 500\u00a0familias que debieron dejar sus casas, a las que se sumaron cerca de 200 que\u00a0se hab\u00edan autoevacuado.<\/p>\n<p style=\"color: #222222;\">Fuente: Edici\u00f3n Rural<\/p>\n","protected":false},"excerpt":{"rendered":"<p>Las inundaciones dejaron a los productores del litoral en una situaci\u00f3n tr\u00e1gica<\/p>\n","protected":false},"author":5,"featured_media":0,"comment_status":"open","ping_status":"open","sticky":false,"template":"","format":"standard","meta":[],"categories":[42],"tags":[1045,747,264],"_links":{"self":[{"href":"http:\/\/rurallascolonias.com.ar\/index.php?rest_route=\/wp\/v2\/posts\/2937"}],"collection":[{"href":"http:\/\/rurallascolonias.com.ar\/index.php?rest_route=\/wp\/v2\/posts"}],"about":[{"href":"http:\/\/rurallascolonias.com.ar\/index.php?rest_route=\/wp\/v2\/types\/post"}],"author":[{"embeddable":true,"href":"http:\/\/rurallascolonias.com.ar\/index.php?rest_route=\/wp\/v2\/users\/5"}],"replies":[{"embeddable":true,"href":"http:\/\/rurallascolonias.com.ar\/index.php?rest_route=%2Fwp%2Fv2%2Fcomments&post=2937"}],"version-history":[{"count":1,"href":"http:\/\/rurallascolonias.com.ar\/index.php?rest_route=\/wp\/v2\/posts\/2937\/revisions"}],"predecessor-version":[{"id":2938,"href":"http:\/\/rurallascolonias.com.ar\/index.php?rest_route=\/wp\/v2\/posts\/2937\/revisions\/2938"}],"wp:attachment":[{"href":"http:\/\/rurallascolonias.com.ar\/index.php?rest_route=%2Fwp%2Fv2%2Fmedia&parent=2937"}],"wp:term":[{"taxonomy":"category","embeddable":true,"href":"http:\/\/rurallascolonias.com.ar\/index.php?rest_route=%2Fwp%2Fv2%2Fcategories&post=2937"},{"taxonomy":"post_tag","embeddable":true,"href":"http:\/\/rurallascolonias.com.ar\/index.php?rest_route=%2Fwp%2Fv2%2Ftags&post=2937"}],"curies":[{"name":"wp","href":"https:\/\/api.w.org\/{rel}","templated":true}]}}