{"id":2927,"date":"2014-06-18T18:07:29","date_gmt":"2014-06-18T18:07:29","guid":{"rendered":"http:\/\/rurallascolonias.com.ar\/?p=2927"},"modified":"2014-06-18T18:07:29","modified_gmt":"2014-06-18T18:07:29","slug":"se-termino-la-toma-y-paty-se-mudara-a-santa-fe-2","status":"publish","type":"post","link":"http:\/\/rurallascolonias.com.ar\/?p=2927","title":{"rendered":"Se termin\u00f3 la toma y Paty se mudar\u00e1 a Santa Fe"},"content":{"rendered":"<p><span style=\"color: #666666;\"><a href=\"http:\/\/rurallascolonias.com.ar\/wp-content\/uploads\/2014\/06\/paty-11.jpg\"><img loading=\"lazy\" class=\"aligncenter size-full wp-image-2928\" src=\"http:\/\/rurallascolonias.com.ar\/wp-content\/uploads\/2014\/06\/paty-11.jpg\" alt=\"paty 1\" width=\"299\" height=\"169\" \/><\/a>El frigor\u00edfico Quickfood comenzar\u00e1 a operar en la localidad de San Jorge, luego de llegar a un acuerdo con los trabajadores que quedaron cesantes en Mart\u00ednez, Buenos Aires Se les dar\u00e1 una gratificaci\u00f3n adicional y una extensi\u00f3n de la obra social a los trabajadores que no puedan trasladarse.<\/span><!--more--><\/p>\n<p style=\"color: #222222;\">El plan del frigor\u00edfico Quickfood para trasladar la fabrica de la marca de hamburguesas Paty de Mart\u00ednez (en la provincia de Buenos Aires) a Santa Fe, finalmente encontr\u00f3 algo de claridad.<\/p>\n<p><span style=\"color: #222222;\">Luego de que en la noche del domingo los trabajadores de la planta bonaerense decidieran la toma del lugar en respuesta al movimiento que encara la empresa brasile\u00f1a, toda posibilidad de mudanza hab\u00eda quedado freezada.<\/span><\/p>\n<p style=\"color: #222222;\">Sin embargo, seg\u00fan fuentes allegadas al proceso de negociaci\u00f3n, la empresa avanz\u00f3 con la firma de los acuerdos con los cerca de 160 trabajadores, por lo que se determin\u00f3 poner fin a la toma del predio de Mart\u00ednez.<\/p>\n<p style=\"color: #222222;\">Del procedimiento participaron 400 efectivos policiales que ingresaron al lugar.<\/p>\n<p style=\"color: #222222;\">Ahora Quickfood podr\u00e1 avanzar sobre los pasos siguientes al proceso de mudanza de su planta, es decir el traslado del equipamiento y la materia prima al establecimiento San Jorge, en Santa Fe, donde comenzar\u00e1 a operar ahora.<\/p>\n<p style=\"color: #222222;\">El lunes pasado en la audiencia que se llev\u00f3 a cabo en el Ministerio de Trabajo, la cartera oficial ofreci\u00f3 una conciliaci\u00f3n voluntaria, aunque esta posibilidad fue rechazada tanto por los trabajadores como por la propia compa\u00f1\u00eda.<\/p>\n<p style=\"color: #222222;\">Mientras que la comisi\u00f3n interna y el sindicato denunciaron un \u201clock out patronal\u201d, la empresa se mantuvo firme en su posici\u00f3n de cesantear al personal y ofrecer el retiro voluntario para el traslado por una \u201cdecisi\u00f3n administrativa\u201d.<\/p>\n<p style=\"color: #222222;\">El frigor\u00edfico explic\u00f3 el lunes en un comunicado que \u201cla decisi\u00f3n de trasladar la producci\u00f3n de su planta de Mart\u00ednez hacia la de San Jorge, en la provincia de Santa Fe, responde a su voluntad de concentrar all\u00ed todas las operaciones de carne vacuna a nivel nacional\u201d.<\/p>\n<p style=\"color: #222222;\">Y en cuanto al futuro de los 197 empleados de la planta, manifest\u00f3 que \u201cabonar\u00e1 una gratificaci\u00f3n adicional por egreso equivalente a los rubros indemnizatorios m\u00e1s un porcentaje adicional y otorgar\u00e1 el beneficio de la extensi\u00f3n de la cobertura de la obra social. Por otro lado, ofrecer\u00e1 potenciales traslados a los colaboradores de la compa\u00f1\u00eda, que quedar\u00e1n sujetos a evaluaciones y puestos vacantes en la planta de San Jorge\u201d.<\/p>\n<p style=\"color: #222222;\">\u201cEs una cosa anormal. No hay telegrama de despido ni nada. La empresa deber\u00eda haber presentado un procedimiento preventivo de crisis. Hay una clara violaci\u00f3n de la ley\u201d, hab\u00eda afirmado ayer David Soria, delegado de los trabajadores de la planta, para luego apuntar que \u201cnosotros queremos mantener las fuentes de trabajo\u201d.<\/p>\n<p style=\"color: #222222;\">Ayer, durante la ma\u00f1ana, las instalaciones de la empresa continuaban tomadas y se realiz\u00f3 una asamblea \u201cabierta a todo el mundo\u201d, donde incluso se puso en consideraci\u00f3n la posibilidad de cortar la Panamericana como parte de las medidas de fuerza para apurar una resoluci\u00f3n del conflicto.<br \/>\nLuego, durante la tarde, las partes lograron un entendimiento y se levant\u00f3 la toma de la planta, una situaci\u00f3n que allana el camino para la mudanza de Paty a Santa Fe.<\/p>\n<p style=\"color: #222222;\">\u00a0Fuente: Edici\u00f3n Rural<\/p>\n","protected":false},"excerpt":{"rendered":"<p>El frigor\u00edfico Quickfood comenzar\u00e1 a operar en la localidad de San Jorge, luego de llegar a un acuerdo con los trabajadores que quedaron cesantes en Mart\u00ednez, Buenos Aires Se les dar\u00e1 una gratificaci\u00f3n adicional y una extensi\u00f3n de la obra social a los trabajadores que no puedan trasladarse.<\/p>\n","protected":false},"author":5,"featured_media":0,"comment_status":"open","ping_status":"open","sticky":false,"template":"","format":"standard","meta":[],"categories":[42],"tags":[1090,1091,1092],"_links":{"self":[{"href":"http:\/\/rurallascolonias.com.ar\/index.php?rest_route=\/wp\/v2\/posts\/2927"}],"collection":[{"href":"http:\/\/rurallascolonias.com.ar\/index.php?rest_route=\/wp\/v2\/posts"}],"about":[{"href":"http:\/\/rurallascolonias.com.ar\/index.php?rest_route=\/wp\/v2\/types\/post"}],"author":[{"embeddable":true,"href":"http:\/\/rurallascolonias.com.ar\/index.php?rest_route=\/wp\/v2\/users\/5"}],"replies":[{"embeddable":true,"href":"http:\/\/rurallascolonias.com.ar\/index.php?rest_route=%2Fwp%2Fv2%2Fcomments&post=2927"}],"version-history":[{"count":1,"href":"http:\/\/rurallascolonias.com.ar\/index.php?rest_route=\/wp\/v2\/posts\/2927\/revisions"}],"predecessor-version":[{"id":2929,"href":"http:\/\/rurallascolonias.com.ar\/index.php?rest_route=\/wp\/v2\/posts\/2927\/revisions\/2929"}],"wp:attachment":[{"href":"http:\/\/rurallascolonias.com.ar\/index.php?rest_route=%2Fwp%2Fv2%2Fmedia&parent=2927"}],"wp:term":[{"taxonomy":"category","embeddable":true,"href":"http:\/\/rurallascolonias.com.ar\/index.php?rest_route=%2Fwp%2Fv2%2Fcategories&post=2927"},{"taxonomy":"post_tag","embeddable":true,"href":"http:\/\/rurallascolonias.com.ar\/index.php?rest_route=%2Fwp%2Fv2%2Ftags&post=2927"}],"curies":[{"name":"wp","href":"https:\/\/api.w.org\/{rel}","templated":true}]}}