{"id":2885,"date":"2014-06-17T00:39:50","date_gmt":"2014-06-17T00:39:50","guid":{"rendered":"http:\/\/rurallascolonias.com.ar\/?p=2885"},"modified":"2014-06-17T00:40:51","modified_gmt":"2014-06-17T00:40:51","slug":"incrementos-desmesurados-en-la-tasa-comunal-por-hectareas","status":"publish","type":"post","link":"http:\/\/rurallascolonias.com.ar\/?p=2885","title":{"rendered":"Incrementos  desmesurados en la Tasa Comunal por Hect\u00e1reas"},"content":{"rendered":"<p>Como es de conocimiento p\u00fablico en el sector, la C.D. de la Sociedad Rural de Santa Fe se encuentra realizando consultas y tr\u00e1mites entre nuestros asociados y las restantes Entidades Rurales de nuestra Provincia, con el objeto de conocer la realidad que presenta cada Comuna en lo referente a los valores\u00a0 de la Tasa por Hect\u00e1reas. De este an\u00e1lisis han surgido situaciones muy dispares.<!--more--><\/p>\n<p>En tal sentido, solicitamos con \u00e9xito la publicaci\u00f3n de un art\u00edculo en un conocido medio period\u00edstico de nuestra ciudad, que tuvo respuestas inmediatas de asociados y Entidades hermanas, adhiriendo a esta inquietud y aportando casos concretos de verdaderos atropellos de algunas Comunas en materia de ajuste de la Tasa por Hect\u00e1reas.<\/p>\n<p>Nos abocamos entonces a realizar una consulta con un profesional especializado en temas impositivos, de cuya respuesta podemos informar los siguientes puntos a tener en cuenta para formalizar reclamos al respecto:<\/p>\n<p>&nbsp;<\/p>\n<ol>\n<li>Cualquier acci\u00f3n que se realice debe ser individual, no es jur\u00eddicamente viable realizar una acci\u00f3n colectiva a trav\u00e9s de una Entidad que agrupe a productores, como ser\u00eda el caso de asociados de cualquier Sociedad Rural que as\u00ed lo decidieran.<\/li>\n<li>La Tasa a cobrar debe guardar una relaci\u00f3n razonable con el servicio que se presta.<\/li>\n<li>La Comuna que cobra el servicio debe tener al menos la posibilidad de realizar el servicio por el cual la est\u00e1 cobrando, es decir que debe contar con la maquinaria, personal y log\u00edstica adecuados para la tarea de mantenimiento de los caminos de su jurisdicci\u00f3n.<\/li>\n<li>El art\u00edculo 72 del C\u00f3digo Tributario Municipal dispone que la base imponible de la Tasa General de Inmuebles est\u00e1 constituida por la valuaci\u00f3n fiscal que la Provincia asigne al inmueble para la percepci\u00f3ndel Impuesto Inmobiliario, norma de la que los Municipios y Comunas no pueden apartarse.En casi todos los casos se observa como base imponible al litro de gasoil para la tasa por has., que obviamente se aparta de la valuaci\u00f3n fiscal de los inmuebles.\u00a0 Resulta entonces indispensable determinar si la base imponible establecida en cada caso particular da como resultado una tasa mayor o menor a la efectivamente abonada.\n<p>Ante esta realidad, consideramos conveniente que aquellos productores asociados a nuestra Sociedad Rural o a cualquier Entidad hermana, que se consideren afectados por estos incrementos (aclaramos que no todas las Comunas han establecido aumentos exorbitantes), se contacten con nosotros a efectos de estudiar la posibilidad de iniciar acciones concretas a trav\u00e9s del asesor al que hemos consultado, y evaluar los costos que puede significar . Con ello pretendemos que, si bien como ya informamos no resultan viables las acciones colectivas, s\u00ed ser\u00eda m\u00e1s efectivo que las acciones individuales sean encaradas en forma organizada y con argumentos v\u00e1lidos para la oportunidad de que los mismos deban ser dirimidos en la justicia.<\/p>\n<p>No esperemos que las autoridades pol\u00edticas reconsideren por voluntad propia un impuesto, ni una tasa, ni cualquier gabela que hayan dispuesto aplicar, menos a\u00fan a nuestra producci\u00f3n agropecuaria. La \u00fanica v\u00eda efectiva para intentar que los valores vuelvan a su cauce normal, es a trav\u00e9s del reclamo formal por la v\u00eda correspondiente, primero administrativa, y luego judicial, con irrefutables argumentos jur\u00eddicos que las respalden.<\/p>\n<p>Quedamos entonces a la espera de que nos hagan llegar sus planteos a nuestra Secretar\u00eda.<\/p>\n<p>&nbsp;<\/p>\n<p>CPN RICARDO ARGENTI\u00a0\u00a0\u00a0\u00a0\u00a0\u00a0 \u00a0\u00a0\u00a0\u00a0\u00a0\u00a0\u00a0\u00a0\u00a0\u00a0Dr. JUAN MANUEL ARAUZ CASTEX\u00a0\u00a0\u00a0\u00a0\u00a0\u00a0\u00a0\u00a0\u00a0\u00a0\u00a0\u00a0\u00a0\u00a0\u00a0\u00a0\u00a0\u00a0\u00a0\u00a0\u00a0\u00a0\u00a0\u00a0 SECRETARIO\u00a0\u00a0\u00a0\u00a0\u00a0\u00a0\u00a0\u00a0\u00a0\u00a0\u00a0\u00a0\u00a0\u00a0\u00a0\u00a0 \u00a0\u00a0\u00a0\u00a0\u00a0\u00a0\u00a0\u00a0\u00a0\u00a0\u00a0\u00a0\u00a0\u00a0\u00a0\u00a0\u00a0\u00a0\u00a0\u00a0\u00a0\u00a0\u00a0\u00a0PRESIDENTE<\/p>\n<p>&nbsp;<\/li>\n<\/ol>\n<p>&nbsp;<\/p>\n","protected":false},"excerpt":{"rendered":"<p>Como es de conocimiento p\u00fablico en el sector, la C.D. de la Sociedad Rural de Santa Fe se encuentra realizando consultas y tr\u00e1mites entre nuestros asociados y las restantes Entidades Rurales de nuestra Provincia, con el objeto de conocer la realidad que presenta cada Comuna en lo referente a los valores\u00a0 de la Tasa por [&hellip;]<\/p>\n","protected":false},"author":5,"featured_media":0,"comment_status":"open","ping_status":"open","sticky":false,"template":"","format":"standard","meta":[],"categories":[29],"tags":[1067,1068],"_links":{"self":[{"href":"http:\/\/rurallascolonias.com.ar\/index.php?rest_route=\/wp\/v2\/posts\/2885"}],"collection":[{"href":"http:\/\/rurallascolonias.com.ar\/index.php?rest_route=\/wp\/v2\/posts"}],"about":[{"href":"http:\/\/rurallascolonias.com.ar\/index.php?rest_route=\/wp\/v2\/types\/post"}],"author":[{"embeddable":true,"href":"http:\/\/rurallascolonias.com.ar\/index.php?rest_route=\/wp\/v2\/users\/5"}],"replies":[{"embeddable":true,"href":"http:\/\/rurallascolonias.com.ar\/index.php?rest_route=%2Fwp%2Fv2%2Fcomments&post=2885"}],"version-history":[{"count":2,"href":"http:\/\/rurallascolonias.com.ar\/index.php?rest_route=\/wp\/v2\/posts\/2885\/revisions"}],"predecessor-version":[{"id":2887,"href":"http:\/\/rurallascolonias.com.ar\/index.php?rest_route=\/wp\/v2\/posts\/2885\/revisions\/2887"}],"wp:attachment":[{"href":"http:\/\/rurallascolonias.com.ar\/index.php?rest_route=%2Fwp%2Fv2%2Fmedia&parent=2885"}],"wp:term":[{"taxonomy":"category","embeddable":true,"href":"http:\/\/rurallascolonias.com.ar\/index.php?rest_route=%2Fwp%2Fv2%2Fcategories&post=2885"},{"taxonomy":"post_tag","embeddable":true,"href":"http:\/\/rurallascolonias.com.ar\/index.php?rest_route=%2Fwp%2Fv2%2Ftags&post=2885"}],"curies":[{"name":"wp","href":"https:\/\/api.w.org\/{rel}","templated":true}]}}