{"id":2853,"date":"2014-06-15T20:15:10","date_gmt":"2014-06-15T20:15:10","guid":{"rendered":"http:\/\/rurallascolonias.com.ar\/?p=2853"},"modified":"2014-06-15T20:15:10","modified_gmt":"2014-06-15T20:15:10","slug":"el-agro-frente-a-nuevas-exigencias-ambientales","status":"publish","type":"post","link":"http:\/\/rurallascolonias.com.ar\/?p=2853","title":{"rendered":"El agro, frente a nuevas exigencias ambientales"},"content":{"rendered":"<p><span style=\"color: #333333;\"><a href=\"http:\/\/rurallascolonias.com.ar\/wp-content\/uploads\/2014\/06\/agro1.jpg\"><img loading=\"lazy\" class=\"aligncenter wp-image-2854 size-medium\" src=\"http:\/\/rurallascolonias.com.ar\/wp-content\/uploads\/2014\/06\/agro1-300x155.jpg\" alt=\"agro\" width=\"300\" height=\"155\" srcset=\"http:\/\/rurallascolonias.com.ar\/wp-content\/uploads\/2014\/06\/agro1-300x155.jpg 300w, http:\/\/rurallascolonias.com.ar\/wp-content\/uploads\/2014\/06\/agro1-600x310.jpg 600w, http:\/\/rurallascolonias.com.ar\/wp-content\/uploads\/2014\/06\/agro1-624x322.jpg 624w, http:\/\/rurallascolonias.com.ar\/wp-content\/uploads\/2014\/06\/agro1.jpg 648w\" sizes=\"(max-width: 300px) 100vw, 300px\" \/><\/a>La sanci\u00f3n de la nueva ley ambiental 13.428 por parte de la Legislatura unicameral merecer\u00e1 un an\u00e1lisis detallado por parte de las entidades y de productores agropecuarios<\/span><!--more--><\/p>\n<div class=\"vsmcontent\" style=\"color: #333333;\">\n<p style=\"color: #333333;\">Por su futura gravitaci\u00f3n en los procesos de inversi\u00f3n y de ordenamiento territorial, la sanci\u00f3n de la nueva ley ambiental 13.428 por parte de la Legislatura unicameral merecer\u00e1 un an\u00e1lisis detallado por parte de las entidades y de productores agropecuarios.<\/p>\n<p style=\"color: #333333;\">La primera reacci\u00f3n, en las horas previas a la sanci\u00f3n el pasado mi\u00e9rcoles, provino de la filial C\u00f3rdoba de la Federaci\u00f3n Agraria Argentina. La entidad expres\u00f3 su \u201cen\u00e9rgico rechazo\u201d al cuerpo normativo por cuanto, seg\u00fan analiz\u00f3, crea una serie de nuevos instrumentos y procedimientos inviables en la pr\u00e1ctica, que empujar\u00edan a la ilegalidad a miles de peque\u00f1os y medianos productores.<\/p>\n<p style=\"color: #333333;\">Como ejemplos, la FAA cit\u00f3 que est\u00e1n sujetos condicionalmente a la presentaci\u00f3n de un estudio de impacto ambiental, un proyecto forestal de dos hect\u00e1reas o un emprendimiento silvopastoril de m\u00e1s de 100 hect\u00e1reas.<\/p>\n<p style=\"color: #333333;\">Tambi\u00e9n cuestiona la alta cuota de discrecionalidad que se le otorga a la autoridad de aplicaci\u00f3n, lo cual agrega una gran cuota de incertidumbre a los productores agropecuarios.<\/p>\n<p style=\"color: #333333;\">Tanto en la Confederaci\u00f3n de Asociaciones Rurales de la Tercera Zona (Cartez) como desde Coninagro (Confederaci\u00f3n Intercooperativa Agropecuaria) se adelant\u00f3 que en los pr\u00f3ximos d\u00edas se har\u00e1 un an\u00e1lisis m\u00e1s al detalle, pero con la previsi\u00f3n y el conocimiento de que la ley tendr\u00e1 impacto y nuevas exigencias para todo el complejo agroindustrial.<\/p>\n<p style=\"color: #333333;\">Para esta tarde est\u00e1 programado un encuentro de la Mesa de Enlace Agropecuaria provincial, con una agenda que contiene otros temas, pero en la que no se podr\u00e1 soslayar la novedad del pronunciamiento legislativo que, al final, obtuvo una adhesi\u00f3n y un consenso importante de las principales fuerzas partidarias, un objetivo que persegu\u00eda el Gobierno provincial.<\/p>\n<p style=\"color: #333333;\">En el sector toman nota que despu\u00e9s de la ley, el Ejecutivo deber\u00e1 avanzar en los aspectos regulatorios. Y, en este plano, un dato que los representantes del agro recibieron del Ejecutivo es que, cuando se trate de ciertas radicaciones agroindustriales, el ordenamiento territorial tendr\u00e1 una traducci\u00f3n en colores \u2013seg\u00fan los grados de impacto ambiental\u2013 como ocurri\u00f3 con la ley de bosques. Al respecto, el art\u00edculo 11 determina que la autoridad de aplicaci\u00f3n convocar\u00e1 -en un plazo no mayor a 120 d\u00edas a un proceso participativo para el desarrollo de una propuesta para el ordenamiento ambiental del territorio y \u00e9sta ser\u00e1 elevada al Poder Legislativo para su tratamiento.<\/p>\n<p style=\"color: #333333;\">En encuentros con las entidades empresarias, el gobernador prometi\u00f3 que la Provincia apunta con esta normativa ambiental a un justo equilibrio, de manera de no afectar las inversiones productivas y su sustentabilidad. Con esta aspiraci\u00f3n est\u00e1n alineados los productores, pero ponen varios signos de interrogaci\u00f3n y descuentan que por delante se presentan varios frentes de conflicto.<\/p>\n<p style=\"color: #333333;\">\n<\/div>\n<div class=\"copyright\" style=\"color: #333333;\">\n<div class=\"author\">La Voz del Campo<\/div>\n<\/div>\n","protected":false},"excerpt":{"rendered":"<p>La sanci\u00f3n de la nueva ley ambiental 13.428 por parte de la Legislatura unicameral merecer\u00e1 un an\u00e1lisis detallado por parte de las entidades y de productores agropecuarios<\/p>\n","protected":false},"author":5,"featured_media":0,"comment_status":"open","ping_status":"open","sticky":false,"template":"","format":"standard","meta":[],"categories":[33],"tags":[110,1053],"_links":{"self":[{"href":"http:\/\/rurallascolonias.com.ar\/index.php?rest_route=\/wp\/v2\/posts\/2853"}],"collection":[{"href":"http:\/\/rurallascolonias.com.ar\/index.php?rest_route=\/wp\/v2\/posts"}],"about":[{"href":"http:\/\/rurallascolonias.com.ar\/index.php?rest_route=\/wp\/v2\/types\/post"}],"author":[{"embeddable":true,"href":"http:\/\/rurallascolonias.com.ar\/index.php?rest_route=\/wp\/v2\/users\/5"}],"replies":[{"embeddable":true,"href":"http:\/\/rurallascolonias.com.ar\/index.php?rest_route=%2Fwp%2Fv2%2Fcomments&post=2853"}],"version-history":[{"count":1,"href":"http:\/\/rurallascolonias.com.ar\/index.php?rest_route=\/wp\/v2\/posts\/2853\/revisions"}],"predecessor-version":[{"id":2855,"href":"http:\/\/rurallascolonias.com.ar\/index.php?rest_route=\/wp\/v2\/posts\/2853\/revisions\/2855"}],"wp:attachment":[{"href":"http:\/\/rurallascolonias.com.ar\/index.php?rest_route=%2Fwp%2Fv2%2Fmedia&parent=2853"}],"wp:term":[{"taxonomy":"category","embeddable":true,"href":"http:\/\/rurallascolonias.com.ar\/index.php?rest_route=%2Fwp%2Fv2%2Fcategories&post=2853"},{"taxonomy":"post_tag","embeddable":true,"href":"http:\/\/rurallascolonias.com.ar\/index.php?rest_route=%2Fwp%2Fv2%2Ftags&post=2853"}],"curies":[{"name":"wp","href":"https:\/\/api.w.org\/{rel}","templated":true}]}}