{"id":2846,"date":"2014-06-14T17:10:54","date_gmt":"2014-06-14T17:10:54","guid":{"rendered":"http:\/\/rurallascolonias.com.ar\/?p=2846"},"modified":"2014-06-14T17:10:54","modified_gmt":"2014-06-14T17:10:54","slug":"senasa-anuncio-un-paro-provincial-para-el-miercoles-que-viene","status":"publish","type":"post","link":"http:\/\/rurallascolonias.com.ar\/?p=2846","title":{"rendered":"Senasa anunci\u00f3 un paro provincial para el mi\u00e9rcoles que viene"},"content":{"rendered":"<p><span style=\"font-weight: bold; color: #50505a;\"><a href=\"http:\/\/rurallascolonias.com.ar\/wp-content\/uploads\/2014\/06\/Senasa.jpg\"><img loading=\"lazy\" class=\"aligncenter size-full wp-image-2847\" src=\"http:\/\/rurallascolonias.com.ar\/wp-content\/uploads\/2014\/06\/Senasa.jpg\" alt=\"Senasa\" width=\"306\" height=\"165\" srcset=\"http:\/\/rurallascolonias.com.ar\/wp-content\/uploads\/2014\/06\/Senasa.jpg 306w, http:\/\/rurallascolonias.com.ar\/wp-content\/uploads\/2014\/06\/Senasa-300x161.jpg 300w\" sizes=\"(max-width: 306px) 100vw, 306px\" \/><\/a>Los trabajadores del organismo en la provincia contin\u00faan en estado de alerta y asamblea permanente. La medida de fuerza anunciada persistir\u00e1 de no recibir del organismo la suspensi\u00f3n de traslado.<\/span><!--more--><\/p>\n<p><span style=\"color: #50505a;\">Tras el conflicto del Centro Regional Santa Fe del Servicio Nacional de Sanidad y Calidad Agroalimentaria (Senasa), los trabajadores contin\u00faan en estado de alerta y asamblea permanente en reclamos a la decisi\u00f3n del organismo de trasladar la sede a Rosario. Esta ma\u00f1ana, tras la asamblea provincial de empleados se determin\u00f3 endurecer las medidas de fuerza.<\/span><br style=\"color: #50505a;\" \/><br style=\"color: #50505a;\" \/><span style=\"color: #50505a;\">La reuni\u00f3n comenz\u00f3 a las 10 y de la misma participaron los tres gremios de trabajadores del organismo en la provincia (ATE, Upcn y Apumag). Luego de tres horas de debate se determin\u00f3: \u00abMantener el estado de asamblea permanente y comenzar un paro a partir del d\u00eda mi\u00e9rcoles 18 a las 0:00. La medida afecta a todos los \u00e1mbitos de atenci\u00f3n del Senasa en la provincia: oficinas locales, frigor\u00edficos y administrativas\u00bb, indic\u00f3 el delegado de ATE en el organismo, Adolfo Avallone.<\/span><br style=\"color: #50505a;\" \/><br style=\"color: #50505a;\" \/><span style=\"color: #50505a;\">Asimismo explic\u00f3 que \u00abel objetivo de la medida es no solo el rechazo a la decisi\u00f3n de traslado, sino tambi\u00e9n la demanda de mayor presupuesto para todas las oficinas y especialmente las locales\u00bb. En este sentido piden la \u00abincorporaci\u00f3n de personal en las 22 oficinas de la provincia que hoy no cuentan con personal\u00bb. Avallone dijo que \u00abel Senasa tiene un d\u00e9ficit de m\u00e1s de cien trabajadores en el \u00e1mbito provincial para atender todas las obligaciones que son de su competencia\u00bb.<\/span><br style=\"color: #50505a;\" \/><br style=\"color: #50505a;\" \/><span style=\"color: #50505a;\">De no obtener los trabajadores una respuesta favorable por parte del organismo, el paro se extender\u00e1 hasta el viernes de la semana que viene. D\u00eda en el que se realizar\u00e1 una nueva asamblea provincial y donde se resolver\u00e1n nuevas medidas a seguir.\u00a0<\/span><\/p>\n<p>Fuente: lt10digital<\/p>\n","protected":false},"excerpt":{"rendered":"<p>Los trabajadores del organismo en la provincia contin\u00faan en estado de alerta y asamblea permanente. La medida de fuerza anunciada persistir\u00e1 de no recibir del organismo la suspensi\u00f3n de traslado.<\/p>\n","protected":false},"author":5,"featured_media":0,"comment_status":"open","ping_status":"open","sticky":false,"template":"","format":"standard","meta":[],"categories":[42],"tags":[1031,16],"_links":{"self":[{"href":"http:\/\/rurallascolonias.com.ar\/index.php?rest_route=\/wp\/v2\/posts\/2846"}],"collection":[{"href":"http:\/\/rurallascolonias.com.ar\/index.php?rest_route=\/wp\/v2\/posts"}],"about":[{"href":"http:\/\/rurallascolonias.com.ar\/index.php?rest_route=\/wp\/v2\/types\/post"}],"author":[{"embeddable":true,"href":"http:\/\/rurallascolonias.com.ar\/index.php?rest_route=\/wp\/v2\/users\/5"}],"replies":[{"embeddable":true,"href":"http:\/\/rurallascolonias.com.ar\/index.php?rest_route=%2Fwp%2Fv2%2Fcomments&post=2846"}],"version-history":[{"count":1,"href":"http:\/\/rurallascolonias.com.ar\/index.php?rest_route=\/wp\/v2\/posts\/2846\/revisions"}],"predecessor-version":[{"id":2848,"href":"http:\/\/rurallascolonias.com.ar\/index.php?rest_route=\/wp\/v2\/posts\/2846\/revisions\/2848"}],"wp:attachment":[{"href":"http:\/\/rurallascolonias.com.ar\/index.php?rest_route=%2Fwp%2Fv2%2Fmedia&parent=2846"}],"wp:term":[{"taxonomy":"category","embeddable":true,"href":"http:\/\/rurallascolonias.com.ar\/index.php?rest_route=%2Fwp%2Fv2%2Fcategories&post=2846"},{"taxonomy":"post_tag","embeddable":true,"href":"http:\/\/rurallascolonias.com.ar\/index.php?rest_route=%2Fwp%2Fv2%2Ftags&post=2846"}],"curies":[{"name":"wp","href":"https:\/\/api.w.org\/{rel}","templated":true}]}}