{"id":2830,"date":"2014-06-12T15:07:17","date_gmt":"2014-06-12T15:07:17","guid":{"rendered":"http:\/\/rurallascolonias.com.ar\/?p=2830"},"modified":"2014-06-12T15:07:17","modified_gmt":"2014-06-12T15:07:17","slug":"leche-niegan-que-el-gobierno-haya-pedido-planchar-el-precio","status":"publish","type":"post","link":"http:\/\/rurallascolonias.com.ar\/?p=2830","title":{"rendered":"Leche: niegan que el Gobierno haya pedido planchar el precio"},"content":{"rendered":"<p><span style=\"color: #333333;\"><a href=\"http:\/\/rurallascolonias.com.ar\/wp-content\/uploads\/2014\/05\/cr\u00e9ditos-sector-tambero.jpg\"><img loading=\"lazy\" class=\"aligncenter size-full wp-image-2542\" src=\"http:\/\/rurallascolonias.com.ar\/wp-content\/uploads\/2014\/05\/cr\u00e9ditos-sector-tambero.jpg\" alt=\"cr\u00e9ditos sector tambero\" width=\"290\" height=\"174\" \/><\/a>El presidente de la cooperativa l\u00e1ctea Manfrey, Ercole Felippa, desminti\u00f3 ayer haber recibido una orden del Gobierno para congelar el precio de la leche a los productores en la boca del tambo y advirti\u00f3 que hay \u00abuna ca\u00edda\u00bb en la producci\u00f3n por malas condiciones clim\u00e1ticas en zonas clave<\/span><!--more--><\/p>\n<div class=\"vsmcontent\" style=\"color: #333333;\">\n<p style=\"color: #333333;\">Felippa se mostr\u00f3 molesto con las versiones que indicaban que el secretario de Comercio, Augusto Costa, le hab\u00eda exigido a las empresas y cooperativas l\u00e1cteas que congelaran los precios a los tamberos para impedir que el valor del producto subiera en las g\u00f3ndolas. \u00abEste tipo de rumores no ayuda a que el productor tenga una mirada hacia adelante, por eso es importante generar una informaci\u00f3n clara, precisa y que desestime los rumores que lo \u00fanico que hacen es meter ruido\u00bb, dijo el cooperativista en declaraciones a la prensa especializada.<\/p>\n<p style=\"color: #333333;\">Seg\u00fan trascendidos, Costa hab\u00eda ordenado no otorgar permisos de exportaci\u00f3n a aquellas industrias l\u00e1cteas que paguen m\u00e1s de $ 3 el litro por su producci\u00f3n, pero esto fue desestimado por el cooperativista.<\/p>\n<p style=\"color: #333333;\">Fuentes oficiales indicaron que esa orden \u00abnunca sali\u00f3 de la Secretar\u00eda de Comercio ni de ninguna otra cartera que tenga que ver con el sector\u00bb, por lo que adjudicaron los datos a \u00abversiones malintencionadas\u00bb de algunos sectores de la prensa. Por su parte, Felippa s\u00ed confirm\u00f3 que el sector vendi\u00f3 en el primer cuatrimestre un \u00abvolumen similar\u00bb al del a\u00f1o pasado aunque el stock actual es \u00abmuy bajo\u00bb debido al impacto de las malas condiciones clim\u00e1ticas en algunas zonas clave.<\/p>\n<p style=\"color: #333333;\">\u00abNo nos olvidemos que en C\u00f3rdoba, por ejemplo, hay un \u00e1rea que est\u00e1 padeciendo inundaciones todav\u00eda por lo que ha habido una importante ca\u00edda de la producci\u00f3n\u00bb, se\u00f1al\u00f3 el empresario al referirse al sector. En ese sentido, indic\u00f3 que \u00abel grueso de lo producido va al mercado interno\u00bb, por lo que la cadena no registr\u00f3 desequilibrios en lo que va del a\u00f1o a pesar de que \u00abalgunos colegas s\u00ed est\u00e1n teniendo alg\u00fan tipo de demoras en los embarques\u00bb.<\/p>\n<p style=\"color: #333333;\">\n<\/div>\n<div class=\"copyright\" style=\"color: #333333;\">\n<div class=\"author\">\u00c1mbito Financiero<\/div>\n<\/div>\n","protected":false},"excerpt":{"rendered":"<p>El presidente de la cooperativa l\u00e1ctea Manfrey, Ercole Felippa, desminti\u00f3 ayer haber recibido una orden del Gobierno para congelar el precio de la leche a los productores en la boca del tambo y advirti\u00f3 que hay \u00abuna ca\u00edda\u00bb en la producci\u00f3n por malas condiciones clim\u00e1ticas en zonas clave<\/p>\n","protected":false},"author":5,"featured_media":0,"comment_status":"open","ping_status":"open","sticky":false,"template":"","format":"standard","meta":[],"categories":[46],"tags":[47,904,1046],"_links":{"self":[{"href":"http:\/\/rurallascolonias.com.ar\/index.php?rest_route=\/wp\/v2\/posts\/2830"}],"collection":[{"href":"http:\/\/rurallascolonias.com.ar\/index.php?rest_route=\/wp\/v2\/posts"}],"about":[{"href":"http:\/\/rurallascolonias.com.ar\/index.php?rest_route=\/wp\/v2\/types\/post"}],"author":[{"embeddable":true,"href":"http:\/\/rurallascolonias.com.ar\/index.php?rest_route=\/wp\/v2\/users\/5"}],"replies":[{"embeddable":true,"href":"http:\/\/rurallascolonias.com.ar\/index.php?rest_route=%2Fwp%2Fv2%2Fcomments&post=2830"}],"version-history":[{"count":1,"href":"http:\/\/rurallascolonias.com.ar\/index.php?rest_route=\/wp\/v2\/posts\/2830\/revisions"}],"predecessor-version":[{"id":2831,"href":"http:\/\/rurallascolonias.com.ar\/index.php?rest_route=\/wp\/v2\/posts\/2830\/revisions\/2831"}],"wp:attachment":[{"href":"http:\/\/rurallascolonias.com.ar\/index.php?rest_route=%2Fwp%2Fv2%2Fmedia&parent=2830"}],"wp:term":[{"taxonomy":"category","embeddable":true,"href":"http:\/\/rurallascolonias.com.ar\/index.php?rest_route=%2Fwp%2Fv2%2Fcategories&post=2830"},{"taxonomy":"post_tag","embeddable":true,"href":"http:\/\/rurallascolonias.com.ar\/index.php?rest_route=%2Fwp%2Fv2%2Ftags&post=2830"}],"curies":[{"name":"wp","href":"https:\/\/api.w.org\/{rel}","templated":true}]}}