{"id":2826,"date":"2014-06-12T15:04:00","date_gmt":"2014-06-12T15:04:00","guid":{"rendered":"http:\/\/rurallascolonias.com.ar\/?p=2826"},"modified":"2014-06-12T15:04:20","modified_gmt":"2014-06-12T15:04:20","slug":"en-santa-fe-el-rio-parana-se-mantiene-mas-de-un-metro-por-debajo-del-nivel-de-alerta","status":"publish","type":"post","link":"http:\/\/rurallascolonias.com.ar\/?p=2826","title":{"rendered":"En Santa Fe el r\u00edo Paran\u00e1 se mantiene m\u00e1s de un metro por debajo del nivel de alerta"},"content":{"rendered":"<p><span style=\"color: #656565;\"><a href=\"http:\/\/rurallascolonias.com.ar\/wp-content\/uploads\/2014\/06\/R\u00edo.jpg\"><img loading=\"lazy\" class=\"aligncenter size-full wp-image-2827\" src=\"http:\/\/rurallascolonias.com.ar\/wp-content\/uploads\/2014\/06\/R\u00edo.jpg\" alt=\"R\u00edo\" width=\"275\" height=\"183\" \/><\/a>El Centro de Informaciones Hidrom\u00e9tricas de la Universidad Nacional del Litoral inform\u00f3 hoy que la altura del r\u00edo Paran\u00e1 en la capital de Santa Fe se mantiene en 4,18 metros, siendo el nivel de alerta los 5,30 metros y de evacuaci\u00f3n los 5,70 metros.<\/span><!--more--><\/p>\n<p><span style=\"color: #656565;\">En declaraciones a T\u00e9lam, el director del Centro Regional Litoral del Insdtituto Nacional del Agua (INA), Carlos Paoli, manifest\u00f3 que \u00abse estima que la crecida pasar\u00e1 por la capital de Corrientes este fin de semana\u00bb y agreg\u00f3 que \u00abel pico de la crecida del Paran\u00e1 llegar\u00e1 al \u00e1rea metropolitana de Santa Fe y se comenzar\u00e1 a notar en los pr\u00f3ximos ocho d\u00edas\u00bb.<\/span><br style=\"color: #656565;\" \/><br style=\"color: #656565;\" \/><span style=\"color: #656565;\">Un informe del Sistema de Informaci\u00f3n y Alerta Hidrol\u00f3gica de la Cuenca del Plata (Siyha), que depende del INA, estim\u00f3 ayer en 6,20 metros el pico que podr\u00eda tener la crecida en la ciudad, calculada para el 27 de junio.<\/span><br style=\"color: #656565;\" \/><br style=\"color: #656565;\" \/><span style=\"color: #656565;\">El trabajo aclara que es una estimaci\u00f3n preliminar que se ir\u00e1 ajustando en las pr\u00f3ximas semanas a medida que el agua avance y se puedan analizar los modelos hidrol\u00f3gicos con mayor precisi\u00f3n.<\/span><br style=\"color: #656565;\" \/><br style=\"color: #656565;\" \/><span style=\"color: #656565;\">\u201cLos pr\u00f3ximos pron\u00f3sticos ser\u00e1n m\u00e1s ajustados. En realidad, la onda de crecida para Santa Fe se empezar\u00e1 a definir mejor una vez que el pico llegue a la ciudad de Corrientes\u201d, explic\u00f3 Paoli.<\/span><br style=\"color: #656565;\" \/><br style=\"color: #656565;\" \/><span style=\"color: #656565;\">En la crecida influyen las intensas lluvias que se registraron durante la \u00faltima semana en la cuenca inferior del Iguaz\u00fa y en el sector del Alto Paran\u00e1 pr\u00f3ximo al embalse de Itaip\u00fa, en el sur de Brasil.<\/span><br style=\"color: #656565;\" \/><br style=\"color: #656565;\" \/><span style=\"color: #656565;\">Pero hacia Santa Fe tambi\u00e9n bajar\u00e1 la crecida del r\u00edo Paraguay, que tiene un menor impacto sobre la cuenca del Paran\u00e1 pero que tambi\u00e9n sumar\u00e1 m\u00e1s agua.<\/span><br style=\"color: #656565;\" \/><br style=\"color: #656565;\" \/><span style=\"color: #656565;\">El Gobierno de la Ciudad de Santa Fe declar\u00f3 ayer la emergencia h\u00eddrica, medida a la que se sum\u00f3 la Municipalidad de San Jos\u00e9 del Rinc\u00f3n, localidad ubicada en la zona costera.<\/span><br style=\"color: #656565;\" \/><br style=\"color: #656565;\" \/><span style=\"color: #656565;\">En ese marco se est\u00e1n realizando censos a las familias que viven en zonas de riesgo, se hacen controles de las defensas costeras y comenzaron las tareas de preparaci\u00f3n de terrenos para la instalaci\u00f3n de m\u00f3dulos habitacionales en caso de evacuaciones.<\/span><\/p>\n<p>Fuente: Infocampo<\/p>\n","protected":false},"excerpt":{"rendered":"<p>El Centro de Informaciones Hidrom\u00e9tricas de la Universidad Nacional del Litoral inform\u00f3 hoy que la altura del r\u00edo Paran\u00e1 en la capital de Santa Fe se mantiene en 4,18 metros, siendo el nivel de alerta los 5,30 metros y de evacuaci\u00f3n los 5,70 metros.<\/p>\n","protected":false},"author":5,"featured_media":0,"comment_status":"open","ping_status":"open","sticky":false,"template":"","format":"standard","meta":[],"categories":[42],"tags":[1037,119],"_links":{"self":[{"href":"http:\/\/rurallascolonias.com.ar\/index.php?rest_route=\/wp\/v2\/posts\/2826"}],"collection":[{"href":"http:\/\/rurallascolonias.com.ar\/index.php?rest_route=\/wp\/v2\/posts"}],"about":[{"href":"http:\/\/rurallascolonias.com.ar\/index.php?rest_route=\/wp\/v2\/types\/post"}],"author":[{"embeddable":true,"href":"http:\/\/rurallascolonias.com.ar\/index.php?rest_route=\/wp\/v2\/users\/5"}],"replies":[{"embeddable":true,"href":"http:\/\/rurallascolonias.com.ar\/index.php?rest_route=%2Fwp%2Fv2%2Fcomments&post=2826"}],"version-history":[{"count":2,"href":"http:\/\/rurallascolonias.com.ar\/index.php?rest_route=\/wp\/v2\/posts\/2826\/revisions"}],"predecessor-version":[{"id":2829,"href":"http:\/\/rurallascolonias.com.ar\/index.php?rest_route=\/wp\/v2\/posts\/2826\/revisions\/2829"}],"wp:attachment":[{"href":"http:\/\/rurallascolonias.com.ar\/index.php?rest_route=%2Fwp%2Fv2%2Fmedia&parent=2826"}],"wp:term":[{"taxonomy":"category","embeddable":true,"href":"http:\/\/rurallascolonias.com.ar\/index.php?rest_route=%2Fwp%2Fv2%2Fcategories&post=2826"},{"taxonomy":"post_tag","embeddable":true,"href":"http:\/\/rurallascolonias.com.ar\/index.php?rest_route=%2Fwp%2Fv2%2Ftags&post=2826"}],"curies":[{"name":"wp","href":"https:\/\/api.w.org\/{rel}","templated":true}]}}