{"id":2820,"date":"2014-06-12T14:56:52","date_gmt":"2014-06-12T14:56:52","guid":{"rendered":"http:\/\/rurallascolonias.com.ar\/?p=2820"},"modified":"2014-06-12T14:56:52","modified_gmt":"2014-06-12T14:56:52","slug":"32-millones-de-cabezas-de-ganado-en-riesgo-por-la-crecida-del-parana","status":"publish","type":"post","link":"http:\/\/rurallascolonias.com.ar\/?p=2820","title":{"rendered":"3,2 millones de cabezas de ganado en riesgo por la crecida del Paran\u00e1"},"content":{"rendered":"<div class=\"description\" style=\"color: #333333;\"><a href=\"http:\/\/rurallascolonias.com.ar\/wp-content\/uploads\/2014\/06\/ganado.jpg\"><img loading=\"lazy\" class=\"aligncenter wp-image-2821 size-medium\" src=\"http:\/\/rurallascolonias.com.ar\/wp-content\/uploads\/2014\/06\/ganado-300x225.jpg\" alt=\"ganado\" width=\"300\" height=\"225\" srcset=\"http:\/\/rurallascolonias.com.ar\/wp-content\/uploads\/2014\/06\/ganado-300x225.jpg 300w, http:\/\/rurallascolonias.com.ar\/wp-content\/uploads\/2014\/06\/ganado.jpg 600w\" sizes=\"(max-width: 300px) 100vw, 300px\" \/><\/a>El Presidente de la Federaci\u00f3n de Asociaciones Rurales de Entre R\u00edos (FARER) inform\u00f3 que por este motivo inform\u00f3 que el traslado del ganado es complicado porque los caminos est\u00e1n en mal estado<\/div>\n<p><!--more--><\/p>\n<div class=\"authorinfo\" style=\"color: #333333;\"><\/div>\n<div class=\"vsmcontent\" style=\"color: #333333;\">\n<p align=\"justify\">El Presidente de la Federaci\u00f3n de Asociaciones Rurales de Entre R\u00edos (FARER) inform\u00f3 que por este motivo inform\u00f3 que el traslado del ganado es complicado porque los caminos est\u00e1n en mal estado.<\/p>\n<p align=\"justify\">La crecida del r\u00edo Iguaz\u00fa a partir de las intensas lluvias que se registraron en las altas cuencas de Brasil, amenazan con aumentar el caudal del Paran\u00e1 donde se encuentran 3,2 millones de cabezas de ganado. Esto hizo que productores productores de Santa Fe, Entre R\u00edos y Buenos Aires, hicieran consultas a distintos feedlots para llevar a sus animales.<\/p>\n<p align=\"justify\">\u201cSe han recibido muchas llamadas en el d\u00eda de hoy (por ayer) de los ganaderos para pedir el servicio de hoteler\u00eda, con el objeto de ir buscando lugar para los pr\u00f3ximo d\u00edas\u201d, reconoci\u00f3 a Bae Negocios la C\u00e1mara Argentina del Feedlot (CAF).<\/p>\n<p align=\"justify\">Mientras se espera que hoy siga creciendo el caudal, el exceso de agua se volvi\u00f3, ya, una amenaza cierta para los productores del delta entrerriano, a quienes, preventivamente, el gobierno provincial ya les avis\u00f3 que est\u00e9n preparados para evacuar sus animales. Se trata de una de las regiones m\u00e1s castigadas por crecidas fluviales.<\/p>\n<p align=\"justify\">T\u00e9cnicos del Ministerio de la Producci\u00f3n provincial estimaron que en 10 d\u00edas podr\u00eda llegar la crecida y que a fin de mes habr\u00e1 afectado a toda la provincia, hasta el delta entrerriano. El organismo solicit\u00f3 a los productores que tengan ganado en la zona de islas y campos bajos aleda\u00f1os al r\u00edo que tomen los recaudos pertinentes y comiencen a retirar la hacienda hacia campos m\u00e1s altos, donde la crecida no afectar\u00e1 a los animales. El organismo ya puso en marcha un Plan de Contingencias similar al desarrollado el a\u00f1o pasado, cuando el Paran\u00e1 tambi\u00e9n experiment\u00f3 un caudal extraordinario de agua.<\/p>\n<p align=\"justify\">Las provincias de Santa Fe y Chaco tambi\u00e9n est\u00e1n en alerta por la crecida del r\u00edo, que ya provoc\u00f3 anegamientos en rutas y el cierre total de los circuitos tur\u00edsticos de las Cataratas.<\/p>\n<p align=\"justify\">Desde Entre R\u00edos, Jorge Chemes confirm\u00f3 que la hacienda afectada ser\u00eda de 591 mil cabezas.\u00bbVen\u00edamos con una crecida del r\u00edo bastante importante, esto complica mucho mas sobre todo la sacada de los animales de la isla, en la urgencia no alcanzan los barcos y mal estado de los caminos de tierra complica la situaci\u00f3n\u00bb, dijo el Presidente de de FARER.<\/p>\n<p align=\"justify\">El problema es que si hay lugar en los barcos para el traslado, los camiones no pueden llegar por el mal estado de los caminos.<\/p>\n<p align=\"justify\">Otro inconveniente que tienen los productores, cuenta Chemes, es que no tienen lugar donde poner el ganado trasladado. Por este motivo se calcula que muchos animales se van a vender.<\/p>\n<p align=\"justify\">\u201cEl animal que este gordo y\u00a0 el que este a medio t\u00e9rmino se va a vender, van a\u00a0 tratar de retener\u00a0 a los m\u00e1s flacos\u201d, calcula el productor.<\/p>\n<p align=\"justify\">Fuente: Edici\u00f3n Rural<\/p>\n<\/div>\n","protected":false},"excerpt":{"rendered":"<p>El Presidente de la Federaci\u00f3n de Asociaciones Rurales de Entre R\u00edos (FARER) inform\u00f3 que por este motivo inform\u00f3 que el traslado del ganado es complicado porque los caminos est\u00e1n en mal estado<\/p>\n","protected":false},"author":5,"featured_media":0,"comment_status":"open","ping_status":"open","sticky":false,"template":"","format":"standard","meta":[],"categories":[42],"tags":[1044,1045,555],"_links":{"self":[{"href":"http:\/\/rurallascolonias.com.ar\/index.php?rest_route=\/wp\/v2\/posts\/2820"}],"collection":[{"href":"http:\/\/rurallascolonias.com.ar\/index.php?rest_route=\/wp\/v2\/posts"}],"about":[{"href":"http:\/\/rurallascolonias.com.ar\/index.php?rest_route=\/wp\/v2\/types\/post"}],"author":[{"embeddable":true,"href":"http:\/\/rurallascolonias.com.ar\/index.php?rest_route=\/wp\/v2\/users\/5"}],"replies":[{"embeddable":true,"href":"http:\/\/rurallascolonias.com.ar\/index.php?rest_route=%2Fwp%2Fv2%2Fcomments&post=2820"}],"version-history":[{"count":1,"href":"http:\/\/rurallascolonias.com.ar\/index.php?rest_route=\/wp\/v2\/posts\/2820\/revisions"}],"predecessor-version":[{"id":2822,"href":"http:\/\/rurallascolonias.com.ar\/index.php?rest_route=\/wp\/v2\/posts\/2820\/revisions\/2822"}],"wp:attachment":[{"href":"http:\/\/rurallascolonias.com.ar\/index.php?rest_route=%2Fwp%2Fv2%2Fmedia&parent=2820"}],"wp:term":[{"taxonomy":"category","embeddable":true,"href":"http:\/\/rurallascolonias.com.ar\/index.php?rest_route=%2Fwp%2Fv2%2Fcategories&post=2820"},{"taxonomy":"post_tag","embeddable":true,"href":"http:\/\/rurallascolonias.com.ar\/index.php?rest_route=%2Fwp%2Fv2%2Ftags&post=2820"}],"curies":[{"name":"wp","href":"https:\/\/api.w.org\/{rel}","templated":true}]}}