{"id":2817,"date":"2014-06-12T14:51:54","date_gmt":"2014-06-12T14:51:54","guid":{"rendered":"http:\/\/rurallascolonias.com.ar\/?p=2817"},"modified":"2014-06-12T14:51:54","modified_gmt":"2014-06-12T14:51:54","slug":"bonfatti-santa-fe-tiene-un-gran-potencial-y-venimos-por-acuerdos-para-darle-alimentos-al-mundo","status":"publish","type":"post","link":"http:\/\/rurallascolonias.com.ar\/?p=2817","title":{"rendered":"Bonfatti: \u201cSanta Fe tiene un gran potencial y venimos por acuerdos para darle alimentos al mundo\u00bb"},"content":{"rendered":"<h2><a href=\"http:\/\/rurallascolonias.com.ar\/wp-content\/uploads\/2014\/06\/Nueva-Zelanda.jpg\"><img loading=\"lazy\" class=\"aligncenter size-full wp-image-2818\" src=\"http:\/\/rurallascolonias.com.ar\/wp-content\/uploads\/2014\/06\/Nueva-Zelanda.jpg\" alt=\"Nueva Zelanda\" width=\"275\" height=\"183\" \/><\/a>El gobernador encabeza la comitiva que visita Nueva Zelandia, con el objetivo de fortalecer lazos comerciales e institucionales.<\/h2>\n<p><!--more--><\/p>\n<p>En su tercer d\u00eda de trabajo en Nueva Zelandia, donde encabeza una misi\u00f3n comercial e institucional, el gobernador Antonio Bonfatti inaugur\u00f3 el stand institucional de Santa Fe en la National Agricultural Fieldays (D\u00edas de Campo de Agricultura Nacional) que se lleva a cabo en la localidad de Hamilton. La muestra, que se extender\u00e1 hasta el 14 junio en el Mystery Creek Events Centre, es reconocida por ser \u201cla exhibici\u00f3n de intercambio agr\u00edcola m\u00e1s grande del hemisferio sur\u201d, y donde la provincia promociona a empresas santafesinas en un stand propio.<\/p>\n<p>\u201cMuch\u00edsimas gracias por invitarnos a participar de esta feria tan importante, donde est\u00e1n presentes todos los sectores de la producci\u00f3n\u201d, les dijo el gobernador a los organizadores, para luego enumerar m\u00faltiples estad\u00edsticas productivas de la Argentina y la provincia de Santa Fe. En este sentido, el mandatario cont\u00f3 que la provincia produce el 21% de todos los granos que se cosechan en el pa\u00eds, que en Santa Fe se industrializa el 46% de la maquinaria agr\u00edcola, posee el 32% de los tambos, el 33% de la producci\u00f3n lechera, y el 40 por ciento de la manufactura de los productos l\u00e1cteos.<\/p>\n<p>\u201cPara nosotros venir a esta muestra es un gran honor, porque venimos a aprender y a encontrar acuerdos para darle alimentos al mundo, un \u00e1rea donde Santa Fe tiene una gran potencialidad\u201d, se\u00f1al\u00f3 Bonfatti.<\/p>\n<p>Sobre este aspecto, el gobernador dijo que la provincia est\u00e1 en condiciones de triplicar la producci\u00f3n lechera, y a\u00f1adi\u00f3 que la muestra es \u201cuna vidriera para los hombres de negocios\u201d.<\/p>\n<p>Finalmente, el gobernador dijo que la presencia de Santa Fe en el pa\u00eds oce\u00e1nico es porque desde hace 5 a\u00f1os se mantienen relaciones con el gobierno de Nueva Zelandia: \u201cPretendemos seguir viniendo, pero tambi\u00e9n invitarlos a que visiten Santa Fe, y las muestras Mercol\u00e1ctea y AgroActiva que se hacen en nuestra provincia\u201d.<\/p>\n<p>De la apertura del stand participaron el embajador argentino en Nueva Zelandia, Fernando Escalona; el titular del CFI, Juan Jos\u00e9 Ciacera; los 44 empresarios que forman parte de la comitiva, y la delegaci\u00f3n oficial integrada por funcionarios provinciales del Ejecutivo y Legislativo.<\/p>\n<p><strong>Fuente: Nuestro Agro<\/strong><\/p>\n","protected":false},"excerpt":{"rendered":"<p>El gobernador encabeza la comitiva que visita Nueva Zelandia, con el objetivo de fortalecer lazos comerciales e institucionales.<\/p>\n","protected":false},"author":5,"featured_media":0,"comment_status":"open","ping_status":"open","sticky":false,"template":"","format":"standard","meta":[],"categories":[130,33],"tags":[118,282],"_links":{"self":[{"href":"http:\/\/rurallascolonias.com.ar\/index.php?rest_route=\/wp\/v2\/posts\/2817"}],"collection":[{"href":"http:\/\/rurallascolonias.com.ar\/index.php?rest_route=\/wp\/v2\/posts"}],"about":[{"href":"http:\/\/rurallascolonias.com.ar\/index.php?rest_route=\/wp\/v2\/types\/post"}],"author":[{"embeddable":true,"href":"http:\/\/rurallascolonias.com.ar\/index.php?rest_route=\/wp\/v2\/users\/5"}],"replies":[{"embeddable":true,"href":"http:\/\/rurallascolonias.com.ar\/index.php?rest_route=%2Fwp%2Fv2%2Fcomments&post=2817"}],"version-history":[{"count":1,"href":"http:\/\/rurallascolonias.com.ar\/index.php?rest_route=\/wp\/v2\/posts\/2817\/revisions"}],"predecessor-version":[{"id":2819,"href":"http:\/\/rurallascolonias.com.ar\/index.php?rest_route=\/wp\/v2\/posts\/2817\/revisions\/2819"}],"wp:attachment":[{"href":"http:\/\/rurallascolonias.com.ar\/index.php?rest_route=%2Fwp%2Fv2%2Fmedia&parent=2817"}],"wp:term":[{"taxonomy":"category","embeddable":true,"href":"http:\/\/rurallascolonias.com.ar\/index.php?rest_route=%2Fwp%2Fv2%2Fcategories&post=2817"},{"taxonomy":"post_tag","embeddable":true,"href":"http:\/\/rurallascolonias.com.ar\/index.php?rest_route=%2Fwp%2Fv2%2Ftags&post=2817"}],"curies":[{"name":"wp","href":"https:\/\/api.w.org\/{rel}","templated":true}]}}