{"id":2791,"date":"2014-06-10T12:36:36","date_gmt":"2014-06-10T12:36:36","guid":{"rendered":"http:\/\/rurallascolonias.com.ar\/?p=2791"},"modified":"2014-06-10T12:36:36","modified_gmt":"2014-06-10T12:36:36","slug":"alerta-ante-una-posible-crecida-del-rio-parana-piden-recaudos-a-productores-islenos-santafesinos","status":"publish","type":"post","link":"http:\/\/rurallascolonias.com.ar\/?p=2791","title":{"rendered":"Alerta: ante una posible crecida del r\u00edo Paran\u00e1, piden recaudos a productores isle\u00f1os santafesinos"},"content":{"rendered":"<h2><a href=\"http:\/\/rurallascolonias.com.ar\/wp-content\/uploads\/2014\/06\/isle\u00f1os.jpg\"><img loading=\"lazy\" class=\"aligncenter size-full wp-image-2792\" src=\"http:\/\/rurallascolonias.com.ar\/wp-content\/uploads\/2014\/06\/isle\u00f1os.jpg\" alt=\"isle\u00f1os\" width=\"194\" height=\"207\" \/><\/a>El fin de semana se registraron lluvias significativas en la cuenca del r\u00edo Iguaz\u00fa y sobre la cuenca no regulada del alto Paran\u00e1, que estar\u00eda derivando mucha agua hacia el r\u00edo Paran\u00e1.<\/h2>\n<p><!--more--><\/p>\n<p>Ante la advertencia de un importante aumento en el caudal del r\u00edo Paran\u00e1 -debido a una significativa crecida del Iguaz\u00fa este fin de semana-, el Ministerio de la Producci\u00f3n alerta a los productores ganaderos de las islas de la provincia, tomar los recaudos necesarios para poner en marcha una posible evacuaci\u00f3n. Tambi\u00e9n recomienda que est\u00e9n atentos a los pr\u00f3ximos informes sobre el monitoreo de los r\u00edos, y prevean la disposici\u00f3n de lanchones para el caso de no poder sacar al ganado de las islas por arreo; contactarse con otros productores con disponibilidad de campos en altura; y realizar ventas anticipadas del ganado.<\/p>\n<p>El \u00faltimo informe emitido por el Instituto Nacional del Agua (Ina) indic\u00f3 que durante el fin de semana se produjeron intensas lluvias, con persistencias muy significativas sobre la cuenca del r\u00edo Iguaz\u00fa y sobre la cuenca no regulada del alto Paran\u00e1, la m\u00e1s pr\u00f3xima al embalse de Itaip\u00fa (en el sur de Brasil); lo que estar\u00eda derivando mucha agua hacia el r\u00edo Paran\u00e1.<\/p>\n<p>En el caso de Santa Fe, esta situaci\u00f3n se suma a que la altura actual del r\u00edo en la zona es de 4,14 metros, casi 40 cent\u00edmetros m\u00e1s que la altura normal en esta \u00e9poca del a\u00f1o; indicado el alerta que llegar\u00e1 entre el\u00a025 y el 28 de junio\u00a0a 5,30 metros. Seg\u00fan el Ina, esta crecida del r\u00edo Iguaz\u00fa es hist\u00f3rica, ya que el pico en las Cataratas ser\u00eda de unos 40.000 m3\/s durante el d\u00eda de hoy, superando los registros de los \u00faltimos 40 a\u00f1os.<\/p>\n<p>Por su parte,\u00a0\u00a0Yacyret\u00e1 inform\u00f3 que se consolid\u00f3\u00a0el ascenso de los caudales del r\u00edo Paran\u00e1, luego de haberse verificado una importante creciente del r\u00edo Iguaz\u00fa, cuyos caudales han llegado a 32.000 m3\/s en Porto Capanema (20 veces su valor normal). En dicho informe aseguran que el aumento de los niveles hidrom\u00e9tricos inmediatamente aguas abajo de Yacyret\u00e1 ser\u00e1 r\u00e1pido, como consecuencia del ritmo de ascenso de los caudales del r\u00edo Paran\u00e1, principal caracter\u00edstica de las crecientes cuyo origen es el r\u00edo Iguaz\u00fa.<\/p>\n<p><strong>Fuente: Nuestro Agro<\/strong><\/p>\n","protected":false},"excerpt":{"rendered":"<p>El fin de semana se registraron lluvias significativas en la cuenca del r\u00edo Iguaz\u00fa y sobre la cuenca no regulada del alto Paran\u00e1, que estar\u00eda derivando mucha agua hacia el r\u00edo Paran\u00e1.<\/p>\n","protected":false},"author":5,"featured_media":0,"comment_status":"open","ping_status":"open","sticky":false,"template":"","format":"standard","meta":[],"categories":[42],"tags":[138,1036,1037],"_links":{"self":[{"href":"http:\/\/rurallascolonias.com.ar\/index.php?rest_route=\/wp\/v2\/posts\/2791"}],"collection":[{"href":"http:\/\/rurallascolonias.com.ar\/index.php?rest_route=\/wp\/v2\/posts"}],"about":[{"href":"http:\/\/rurallascolonias.com.ar\/index.php?rest_route=\/wp\/v2\/types\/post"}],"author":[{"embeddable":true,"href":"http:\/\/rurallascolonias.com.ar\/index.php?rest_route=\/wp\/v2\/users\/5"}],"replies":[{"embeddable":true,"href":"http:\/\/rurallascolonias.com.ar\/index.php?rest_route=%2Fwp%2Fv2%2Fcomments&post=2791"}],"version-history":[{"count":1,"href":"http:\/\/rurallascolonias.com.ar\/index.php?rest_route=\/wp\/v2\/posts\/2791\/revisions"}],"predecessor-version":[{"id":2793,"href":"http:\/\/rurallascolonias.com.ar\/index.php?rest_route=\/wp\/v2\/posts\/2791\/revisions\/2793"}],"wp:attachment":[{"href":"http:\/\/rurallascolonias.com.ar\/index.php?rest_route=%2Fwp%2Fv2%2Fmedia&parent=2791"}],"wp:term":[{"taxonomy":"category","embeddable":true,"href":"http:\/\/rurallascolonias.com.ar\/index.php?rest_route=%2Fwp%2Fv2%2Fcategories&post=2791"},{"taxonomy":"post_tag","embeddable":true,"href":"http:\/\/rurallascolonias.com.ar\/index.php?rest_route=%2Fwp%2Fv2%2Ftags&post=2791"}],"curies":[{"name":"wp","href":"https:\/\/api.w.org\/{rel}","templated":true}]}}