{"id":2764,"date":"2014-06-09T20:27:20","date_gmt":"2014-06-09T20:27:20","guid":{"rendered":"http:\/\/rurallascolonias.com.ar\/?p=2764"},"modified":"2014-06-09T20:27:20","modified_gmt":"2014-06-09T20:27:20","slug":"venimos-al-pais-que-comercializa-el-33-de-la-leche-del-mundo","status":"publish","type":"post","link":"http:\/\/rurallascolonias.com.ar\/?p=2764","title":{"rendered":"\u00abVenimos al pa\u00eds que comercializa el 33% de la leche del mundo\u00bb"},"content":{"rendered":"<p><strong><em><a href=\"http:\/\/rurallascolonias.com.ar\/wp-content\/uploads\/2014\/06\/bonfatti.jpg\"><img loading=\"lazy\" class=\"aligncenter size-full wp-image-2765\" src=\"http:\/\/rurallascolonias.com.ar\/wp-content\/uploads\/2014\/06\/bonfatti.jpg\" alt=\"bonfatti\" width=\"260\" height=\"194\" \/><\/a><span style=\"font-weight: normal; font-style: normal; color: #50505a;\">BONFATTI EN NUEVA ZELANDA<\/span><\/em><\/strong><\/p>\n<p id=\"copete\" class=\"bold pl5\" style=\"font-weight: bold; color: #50505a;\">En el inicio de la misi\u00f3n comercial e institucional, en la ciudad de Auckland. El gobernador estuvo adem\u00e1s con el titular de la C\u00e1mara de Comercio, con qui\u00e9n analiz\u00f3 distintas posibilidades de cooperaci\u00f3n entre Santa Fe y la ciudad insular..<!--more--><\/p>\n<div class=\"clearfix\" style=\"color: #50505a;\">\n<div class=\"left extras-nota\" style=\"font-weight: inherit; font-style: inherit;\"><\/div>\n<div id=\"desarrollo\" style=\"font-weight: inherit; font-style: inherit;\">\u00a0El gobernador Antonio Bonfatti inici\u00f3 este lunes la misi\u00f3n comercial e institucional a Nueva Zelanda, financiada por el Consejo Federal de Inversiones (CFI), integrada por legisladores, empresarios y representantes de instituciones de los rubros l\u00e1cteos, ciencia y tecnolog\u00eda, agro y alimentos.<\/p>\n<p>\u201cIniciamos la misi\u00f3n con una expectativa enorme, con una delegaci\u00f3n de 66 miembros, muchos representantes del sector l\u00e1cteo, y donde el objetivo es aprender del pa\u00eds que comercializa el 33 por ciento de la leche del todo el mundo\u201d, asegur\u00f3 el mandatario.<\/p>\n<p>La primera actividad, fue la participaci\u00f3n en la conferencia \u201cAgroindustria, hacer negocios en Nueva Zelanda y oportunidades de inversi\u00f3n\u201d, a cargo de la Agencia de Desarrollo Econ\u00f3mico de Nueva Zelanda, y la Latin American New Zealand Business Council.<\/p>\n<p>\u201cTenemos una provincia muy diversa\u201d, resumi\u00f3 el gobernador al interiorizar a los presentes sobre las caracter\u00edsticas de Santa Fe, y les explic\u00f3: \u201cProducimos trigo, soja, ma\u00edz, sorgo, ganado vacuno, caprino, porcino, otras agriculturas, ca\u00f1a de az\u00facar, algod\u00f3n, arroz, tenemos el polo m\u00e1s grande de crushing de soja del mundo, industrias de todos tipo, y nos destacamos por la metal mec\u00e1nica\u201d.<\/p>\n<p>Al seguir describiendo a la provincia, el gobernador indic\u00f3 que \u201cSanta Fe exporta 25,3 por ciento de las manufacturas agropecuarias del pa\u00eds, produce 3.600 millones de litros de leche por a\u00f1o, tiene 4.149 tambos (el 36 por ciento del pa\u00eds), y procesa el 40 por ciento de la leche del pa\u00eds, pese a tener el 18 por ciento de las usinas l\u00e1cteas\u201d.<\/p><\/div>\n<div style=\"font-weight: inherit; font-style: inherit;\"><\/div>\n<div style=\"font-weight: inherit; font-style: inherit;\">El mandatario hizo menci\u00f3n a la reciente creaci\u00f3n de la Agencia de Ciencia, Tecnolog\u00eda, e Innovaci\u00f3n, para luego resumir que \u201cla provincia tiene 9 universidades, a las cuales asisten 250 mil alumnos, y la mayor cantidad de cient\u00edficos del pa\u00eds (8 mil)\u201d.<\/p>\n<p>Finalmente, Bonfatti precis\u00f3 que estas acciones tienen como fin \u201ccambiar la matriz productiva de la provincia, a partir del agregado de conocimiento\u201d, y a\u00f1adi\u00f3 que se pretende \u201cincrementar nuestras producci\u00f3n y exportaci\u00f3n, y seguir posicionando a Santa Fe en el mundo\u201d.<\/p>\n<p>Del encuentro participaron adem\u00e1s el embajador de Argentina en Nueva Zelanda, Fernando Escalona. La delegaci\u00f3n oficial est\u00e1 conformada por el secretario del Sistema Agropecuario, Agroalimentos y Biocombustibles, Luis Contigiani; la subsecretaria de Inclusi\u00f3n para Personas con Discapacidad, Silvia Tr\u00f3ccoli; la subsecretaria de Relaciones Internacionales e Integraci\u00f3n, Mar\u00eda Julia Reyna; el subsecretario de Comercio Exterior, Daniel Galaverna; el presidente de la C\u00e1mara de Diputados de Santa Fe, Luis Rubeo; el diputado provincial Juan Carlos Millet, y los senadores departamentales Joaqu\u00edn Gramajo y Alberto Crossetti, y el titular del CFI, Juan Jos\u00e9 Cicera.<\/p>\n<p>Tambi\u00e9n estuvieron presentes los 44 empresarios que integran la misi\u00f3n.<\/p>\n<p>REUNI\u00d3N Y VISITA A UNA GRANJA LECHERA<\/p>\n<p>Luego, el gobernador y parte de la comitiva, se reuni\u00f3 con el director ejecutivo de la C\u00e1mara de Comercio de Auckland, Michael Barnett, entidad \u00abcon la que se abri\u00f3 una puerta de cooperaci\u00f3n muy importante con la que se acord\u00f3 llevar adelante una agenda de trabajo identificando una serie de tem\u00e1ticas y una gran oportunidad de insertarnos en un mercado sumamente estrat\u00e9gico como es el del Asia-Pac\u00edfico\u00bb, seg\u00fan detall\u00f3 Mar\u00eda Julia Reyna.<\/p>\n<p>Entre los t\u00f3picos se\u00f1alados para el trabajo en conjunto con Auckland, se destacan el de los alimentos -en particular el sector l\u00e1cteo-, y en educaci\u00f3n e investigaci\u00f3n.<\/p>\n<p>DETALLES DE LA MISI\u00d3N<\/p><\/div>\n<div style=\"font-weight: inherit; font-style: inherit;\"><\/div>\n<div style=\"font-weight: inherit; font-style: inherit;\">A lo largo de los ocho d\u00edas de trabajo, la comitiva visitar\u00e1 las ciudades de Auckland, Hamilton, Wellington (capital del pa\u00eds insular), y Christchurch.<\/p>\n<p>La misi\u00f3n es fruto de un trabajo conjunto entre Santa Fe y ese pa\u00eds, a trav\u00e9s del embajador de Nueva Zelandia en Argentina, Hayden Montgomery, y apunta a fortalecer el v\u00ednculo institucional y comercial, con miras al establecimiento de acuerdos de cooperaci\u00f3n, la formaci\u00f3n de alianzas estrat\u00e9gicas en materia de comercio exterior, y el intercambio de conocimientos.<\/p>\n<p>De acuerdo a la agenda establecida, la comitiva participar\u00e1 de la National Agricultural Fieldays (D\u00edas de Campo de Agricultura Nacional), una exhibici\u00f3n anual de agricultura realizada en Hamilton, reconocida como \u201cla exhibici\u00f3n de intercambio agr\u00edcola m\u00e1s grande el hemisferio sur\u201d, y donde la provincia tendr\u00e1 un stand institucional.<\/p>\n<p>Esta muestra atrae a m\u00e1s de mil expositores y 120 mil visitantes y funciona como plataforma para el lanzamiento y la exhibici\u00f3n de productos y servicios agr\u00edcolas en Nueva Zelanda y el mundo.<\/p>\n<p>Durante su estad\u00eda en Nueva Zelanda, Bonfatti ser\u00e1 recibido por el ministro de Industrias Primarias de ese pa\u00eds, Nathan Guy; el ministro de Desarrollo Econ\u00f3mico, Ciencia y Tecnolog\u00eda, Steven Joyce; y el director ejecutivo y secretario de Relaciones Exteriores y Comercio del Ministerio de Relaciones Exteriores, John Allen.<\/p>\n<p>Junto con los empresarios y representantes de instituciones, tambi\u00e9n se reunir\u00e1 con la jefa de Estrategia y Gobierno del Ministerio de Relaciones Exteriores, Lucy Duncan, y recorrer\u00e1, la Lincoln University, la Universidad de Canterbury, y diferentes granjas y establecimientos<\/p><\/div>\n<div style=\"font-weight: inherit; font-style: inherit;\">l\u00e1cteos.<\/div>\n<div style=\"font-weight: inherit; font-style: inherit;\"><\/div>\n<div style=\"font-weight: inherit; font-style: inherit;\"><\/div>\n<div style=\"font-weight: inherit; font-style: inherit;\">Fuente: santafe.gov.ar<\/div>\n<div style=\"font-weight: inherit; font-style: inherit;\"><\/div>\n<div style=\"font-weight: inherit; font-style: inherit;\"><\/div>\n<\/div>\n","protected":false},"excerpt":{"rendered":"<p>BONFATTI EN NUEVA ZELANDA En el inicio de la misi\u00f3n comercial e institucional, en la ciudad de Auckland. El gobernador estuvo adem\u00e1s con el titular de la C\u00e1mara de Comercio, con qui\u00e9n analiz\u00f3 distintas posibilidades de cooperaci\u00f3n entre Santa Fe y la ciudad insular..<\/p>\n","protected":false},"author":5,"featured_media":0,"comment_status":"open","ping_status":"open","sticky":false,"template":"","format":"standard","meta":[],"categories":[42],"tags":[1029,282],"_links":{"self":[{"href":"http:\/\/rurallascolonias.com.ar\/index.php?rest_route=\/wp\/v2\/posts\/2764"}],"collection":[{"href":"http:\/\/rurallascolonias.com.ar\/index.php?rest_route=\/wp\/v2\/posts"}],"about":[{"href":"http:\/\/rurallascolonias.com.ar\/index.php?rest_route=\/wp\/v2\/types\/post"}],"author":[{"embeddable":true,"href":"http:\/\/rurallascolonias.com.ar\/index.php?rest_route=\/wp\/v2\/users\/5"}],"replies":[{"embeddable":true,"href":"http:\/\/rurallascolonias.com.ar\/index.php?rest_route=%2Fwp%2Fv2%2Fcomments&post=2764"}],"version-history":[{"count":1,"href":"http:\/\/rurallascolonias.com.ar\/index.php?rest_route=\/wp\/v2\/posts\/2764\/revisions"}],"predecessor-version":[{"id":2766,"href":"http:\/\/rurallascolonias.com.ar\/index.php?rest_route=\/wp\/v2\/posts\/2764\/revisions\/2766"}],"wp:attachment":[{"href":"http:\/\/rurallascolonias.com.ar\/index.php?rest_route=%2Fwp%2Fv2%2Fmedia&parent=2764"}],"wp:term":[{"taxonomy":"category","embeddable":true,"href":"http:\/\/rurallascolonias.com.ar\/index.php?rest_route=%2Fwp%2Fv2%2Fcategories&post=2764"},{"taxonomy":"post_tag","embeddable":true,"href":"http:\/\/rurallascolonias.com.ar\/index.php?rest_route=%2Fwp%2Fv2%2Ftags&post=2764"}],"curies":[{"name":"wp","href":"https:\/\/api.w.org\/{rel}","templated":true}]}}