{"id":2689,"date":"2014-06-03T19:20:23","date_gmt":"2014-06-03T19:20:23","guid":{"rendered":"http:\/\/rurallascolonias.com.ar\/?p=2689"},"modified":"2014-06-03T19:20:23","modified_gmt":"2014-06-03T19:20:23","slug":"la-faa-hara-asambleas-en-pleno-mundial","status":"publish","type":"post","link":"http:\/\/rurallascolonias.com.ar\/?p=2689","title":{"rendered":"La FAA har\u00e1 asambleas en pleno Mundial"},"content":{"rendered":"<p><em style=\"color: #4b4b4b;\"><a href=\"http:\/\/rurallascolonias.com.ar\/wp-content\/uploads\/2014\/06\/FFA.jpg\"><img loading=\"lazy\" class=\"aligncenter size-full wp-image-2690\" src=\"http:\/\/rurallascolonias.com.ar\/wp-content\/uploads\/2014\/06\/FFA.jpg\" alt=\"FFA\" width=\"394\" height=\"212\" srcset=\"http:\/\/rurallascolonias.com.ar\/wp-content\/uploads\/2014\/06\/FFA.jpg 394w, http:\/\/rurallascolonias.com.ar\/wp-content\/uploads\/2014\/06\/FFA-300x161.jpg 300w\" sizes=\"(max-width: 394px) 100vw, 394px\" \/><\/a>Pese a la inminencia del Mundial de f\u00fatbol en Brasil, que concentrar\u00e1 la atenci\u00f3n de la opini\u00f3n p\u00fablica durante un mes, la Federaci\u00f3n Agraria Argentina (FAA), que conduce Eduardo Buzzi, tiene decidido instalar en la agenda los problemas del campo.<\/em><!--more--><\/p>\n<p style=\"color: #4b4b4b;\">Ayer, luego de un plenario de delegados con m\u00e1s de 500 asistentes, FAA acord\u00f3 realizar asambleas en varias provincias que desembocar\u00edan en un paro nacional en agosto pr\u00f3ximo. FAA va a marchar a esa protesta independientemente de si la Comisi\u00f3n de Enlace la acompa\u00f1a o no.<\/p>\n<p style=\"color: #4b4b4b;\">\u00abLa situaci\u00f3n para los peque\u00f1os productores en todas las econom\u00edas regionales est\u00e1 muy complicada. Hay falta de rentabilidad, falta de di\u00e1logo y de pol\u00edticas del gobierno nacional. Todo esto hace que estemos en alerta y movilizaci\u00f3n. Va a haber asambleas que pueden concluir en un paro nacional\u00bb, expres\u00f3 a LA NACION Omar Pr\u00edncipe, secretario gremial de FAA.<\/p>\n<p style=\"color: #4b4b4b;\">Se est\u00e1n definiendo las fechas de las reuniones de productores, pero de acuerdo a Pr\u00edncipe se realizar\u00edan entre el 20 del actual y el 26 de julio pr\u00f3ximo. Mientras tanto, durante agosto se concretar\u00eda el paro nacional.<\/p>\n<p style=\"color: #4b4b4b;\">Eduardo Buzzi subray\u00f3: \u00abVamos hacia una jornada nacional de protesta en la que habr\u00e1 que denunciar que, a juzgar por los resultados, las pol\u00edticas agropecuarias implementadas por el Gobierno son un desastre y que los peque\u00f1os productores no queremos seguir desapareciendo\u00bb. Ser\u00eda el \u00faltimo paro del que participa Buzzi antes de finalizar su mandato en FAA.<\/p>\n<p style=\"color: #4b4b4b;\">En el resto del ruralismo no hay todav\u00eda unanimidad de criterio sobre la conveniencia de una protesta, pese a que denuncian que el sector est\u00e1 en crisis.<\/p>\n<p style=\"color: #4b4b4b;\">Por ejemplo, en la Confederaci\u00f3n de Asociaciones Rurales de Buenos Aires y La Pampa (Carbap) creen que a\u00fan no es \u00abmomento\u00bb de hacer un paro. \u00abHay causas para ir al paro, pero no es el momento porque los productores est\u00e1n con grandes problemas clim\u00e1ticos en la cosecha\u00bb, dijo Horacio Salaverri, presidente de Carbap.<\/p>\n<p style=\"color: #4b4b4b;\">Tal vez tomando en cuenta esta situaci\u00f3n, y tambi\u00e9n el desarrollo del Mundial, en FAA primero van a realizar asambleas con productores agropecuarios<\/p>\n<p style=\"color: #4b4b4b;\"><strong>Fernando Bertello<\/strong><br \/>\nLa Naci\u00f3n<\/p>\n","protected":false},"excerpt":{"rendered":"<p>Pese a la inminencia del Mundial de f\u00fatbol en Brasil, que concentrar\u00e1 la atenci\u00f3n de la opini\u00f3n p\u00fablica durante un mes, la Federaci\u00f3n Agraria Argentina (FAA), que conduce Eduardo Buzzi, tiene decidido instalar en la agenda los problemas del campo.<\/p>\n","protected":false},"author":5,"featured_media":0,"comment_status":"open","ping_status":"open","sticky":false,"template":"","format":"standard","meta":[],"categories":[42],"tags":[1004,706,374],"_links":{"self":[{"href":"http:\/\/rurallascolonias.com.ar\/index.php?rest_route=\/wp\/v2\/posts\/2689"}],"collection":[{"href":"http:\/\/rurallascolonias.com.ar\/index.php?rest_route=\/wp\/v2\/posts"}],"about":[{"href":"http:\/\/rurallascolonias.com.ar\/index.php?rest_route=\/wp\/v2\/types\/post"}],"author":[{"embeddable":true,"href":"http:\/\/rurallascolonias.com.ar\/index.php?rest_route=\/wp\/v2\/users\/5"}],"replies":[{"embeddable":true,"href":"http:\/\/rurallascolonias.com.ar\/index.php?rest_route=%2Fwp%2Fv2%2Fcomments&post=2689"}],"version-history":[{"count":1,"href":"http:\/\/rurallascolonias.com.ar\/index.php?rest_route=\/wp\/v2\/posts\/2689\/revisions"}],"predecessor-version":[{"id":2691,"href":"http:\/\/rurallascolonias.com.ar\/index.php?rest_route=\/wp\/v2\/posts\/2689\/revisions\/2691"}],"wp:attachment":[{"href":"http:\/\/rurallascolonias.com.ar\/index.php?rest_route=%2Fwp%2Fv2%2Fmedia&parent=2689"}],"wp:term":[{"taxonomy":"category","embeddable":true,"href":"http:\/\/rurallascolonias.com.ar\/index.php?rest_route=%2Fwp%2Fv2%2Fcategories&post=2689"},{"taxonomy":"post_tag","embeddable":true,"href":"http:\/\/rurallascolonias.com.ar\/index.php?rest_route=%2Fwp%2Fv2%2Ftags&post=2689"}],"curies":[{"name":"wp","href":"https:\/\/api.w.org\/{rel}","templated":true}]}}