{"id":2676,"date":"2014-06-02T20:27:02","date_gmt":"2014-06-02T20:27:02","guid":{"rendered":"http:\/\/rurallascolonias.com.ar\/?p=2676"},"modified":"2014-06-02T20:27:02","modified_gmt":"2014-06-02T20:27:02","slug":"el-congreso-cra-cerro-con-palabras-de-ferrero","status":"publish","type":"post","link":"http:\/\/rurallascolonias.com.ar\/?p=2676","title":{"rendered":"El Congreso CRA cerr\u00f3 con palabras de Ferrero"},"content":{"rendered":"<div class=\"description\" style=\"color: #333333;\"><a href=\"http:\/\/rurallascolonias.com.ar\/wp-content\/uploads\/2014\/05\/FERRERO-3.jpg\"><img loading=\"lazy\" class=\"aligncenter wp-image-2580 size-medium\" src=\"http:\/\/rurallascolonias.com.ar\/wp-content\/uploads\/2014\/05\/FERRERO-3-300x133.jpg\" alt=\"FERRERO 3\" width=\"300\" height=\"133\" srcset=\"http:\/\/rurallascolonias.com.ar\/wp-content\/uploads\/2014\/05\/FERRERO-3-300x133.jpg 300w, http:\/\/rurallascolonias.com.ar\/wp-content\/uploads\/2014\/05\/FERRERO-3-600x266.jpg 600w, http:\/\/rurallascolonias.com.ar\/wp-content\/uploads\/2014\/05\/FERRERO-3-624x276.jpg 624w, http:\/\/rurallascolonias.com.ar\/wp-content\/uploads\/2014\/05\/FERRERO-3.jpg 631w\" sizes=\"(max-width: 300px) 100vw, 300px\" \/><\/a>Durante viernes y s\u00e1bado reuni\u00f3 a dirigentes agropecuarios, productores, profesionales del campo y p\u00fablico en general en la ciudad entrerriana de Gualeguaych\u00fa.<\/div>\n<p><!--more--><\/p>\n<div class=\"authorinfo\" style=\"color: #333333;\"><\/div>\n<div class=\"vsmcontent\" style=\"color: #333333;\">\n<div><strong>DISCURSO DE DR. RUBEN FERRERO<\/strong><\/div>\n<div align=\"justify\">La democracia necesita de la virtud, y se basa en una virtud: la confianza. Hoy la confianza est\u00e1 carcomida por tanta mentira acumulada. Est\u00e1 claro: no hay d\u00e9cada ganada y la realidad cae con todo su peso sobre la falacia del relato oficial aplast\u00e1ndolo. Para los que hace a\u00f1os venimos pidiendo sinceramiento y di\u00e1logo esto no es ninguna novedad. Tenemos la honestidad intelectual de haberlo dicho siempre, con firmeza y valent\u00eda, sin haber cedido a la obsecuencia ni al aplauso premiado por la d\u00e1diva.<\/div>\n<div align=\"justify\">Una sociedad civil responsable y participativa es la garant\u00eda de que un sistema democr\u00e1tico no se someta a las tentaciones autoritarias del poder. Formamos esta sociedad responsable y participativa, y es esta sociedad la que desde el compromiso y la institucionalidad est\u00e1 llamada a mejorar la calidad de la democracia.<\/div>\n<div align=\"justify\">Una democracia que requiere pol\u00edticas p\u00fablicas consensuadas y dise\u00f1adas para garantizar a presente y futuro una sociedad de verdad m\u00e1s inclusiva, y que necesita de hombres \u2013capaces y comprometidos garantes de esas pol\u00edticas de Estado- que entiendan la pol\u00edtica como vocaci\u00f3n de servicio, con honestidad y transparencia.<\/div>\n<div align=\"justify\">Esa democracia deber\u00e1 privilegiar los valores, apreciar el trabajo y premiar el esfuerzo. Requerir\u00e1 de una pol\u00edtica educativa con alta calidad de aprendizaje, que promueva el pensamiento cr\u00edtico y disminuya la brecha entre pobres y ricos rescatando la excelencia como base s\u00f3lida para afrontar los cambios que se avecinan.<\/div>\n<div align=\"justify\">Hoy la agenda de los argentinos se debate lastimosamente entre prioridades como la inseguridad, la inflaci\u00f3n y el desempleo. Son tantas las preocupaciones cotidianas y tan prepotentes sus urgencias que vivimos el d\u00eda a d\u00eda con agobio, en la da\u00f1ina nebulosa de la desinformaci\u00f3n. Y cuando en el pa\u00eds suena las alarmas parad\u00f3jicamente el Gobierno lo \u00fanico que aporta es m\u00e1s incertidumbre. No hay inversiones, s\u00f3lo especulaci\u00f3n financiera. La emisi\u00f3n monetaria sigue su carrera imparable y el ajuste fiscal brilla por su ausencia.<\/div>\n<div align=\"justify\">La inflaci\u00f3n, como un c\u00e1ncer silencioso se traga d\u00eda a d\u00eda el ajuste cambiario y devora el salario de los trabajadores, ven peligrar sus puestos en empresas que hacen malabares frente al aumento de los costos. Mientras tanto, el Gobierno insiste en que no hay pobreza, cuando lo que no hay son cifras ciertas de pobreza. Ser\u00e1 que sincerar esas cifras implicar\u00eda reconocer que en este punto la d\u00e9cada tambi\u00e9n est\u00e1 perdida.<\/div>\n<div align=\"justify\">Desde CRA defendemos el sistema federal adoptado por\u00a0la Constituci\u00f3n Nacional, basado en el respeto a las autonom\u00edas provinciales preexistentes evitando la concentraci\u00f3n de poder en un mismo centro geogr\u00e1fico. Sabemos que hoy el federalismo argentino es una ficci\u00f3n a la que el Gobierno echa mano s\u00f3lo para sostener el relato, y la realidad nos demuestra que se ha impuesto un verdadero r\u00e9gimen unitario por sobre un federalismo totalmente avasallado.<\/div>\n<div align=\"justify\">Frente al escenario que empieza a desmoronarse,\u00a0la Presidenta, enfundada en su cl\u00e1sico autismo, sigue disfrazando la realidad para mostrarla estupenda. Mientras convoca a la unidad nacional en Plaza de Mayo descalifica y enfrenta a los que piensan distinto. Ser\u00eda oportuno recordarle que pensar distinto y disentir no implican volver atr\u00e1s, sino todo lo contrario: est\u00e1 en la base del sano ejercicio de toda democracia madura y vigorosa.<\/div>\n<div align=\"justify\">Por eso son tan importantes encuentros como \u00e9ste. Porque juntos, en un espacio de informaci\u00f3n y concienzuda reflexi\u00f3n nos podemos dar el lujo de pensar en el ma\u00f1ana, en c\u00f3mo construir una Argentina m\u00e1s habitable y m\u00e1s pr\u00f3spera, una Naci\u00f3n soberana sobre la base de ciudadanos tolerantes entre s\u00ed y respetuosos de la ley. Al diagn\u00f3stico adverso lo contrarrestamos con propuestas capaces de dise\u00f1ar un futuro diferente para las generaciones que vienen. Un futuro que requiere imprescindiblemente de la participaci\u00f3n y el compromiso.<\/div>\n<div align=\"justify\">Agradezco especialmente la presencia de tantos j\u00f3venes entusiasmados y convencidos, y repito una vez m\u00e1s que ustedes son nuestro capital y la bocanada de aire fresco que nos impulsa a seguir creyendo que podemos crecer y superarnos.<\/div>\n<div align=\"justify\">En \u00e9pocas dif\u00edciles como esta, estimula volver a las palabras del poeta Esperancino Jos\u00e9 Pedroni en \u201cLa invasi\u00f3n Gringa\u201d:<\/div>\n<div align=\"justify\">\u201cHoy nadie llegar\u00eda, pero ellos llegaron. Sumaban mil doscientos. Cruzaron el Salado. Al cruzarlo, afanosos, lo probaron. Y los hombres dijeron: \u201c\u00a1Amargo!\u201d. Pero siguieron.\u201d<\/div>\n<div align=\"justify\">Hay que seguir. Siempre hay que seguir.<\/div>\n<div align=\"justify\">Fuente: NotiAgro<\/div>\n<\/div>\n","protected":false},"excerpt":{"rendered":"<p>Durante viernes y s\u00e1bado reuni\u00f3 a dirigentes agropecuarios, productores, profesionales del campo y p\u00fablico en general en la ciudad entrerriana de Gualeguaych\u00fa.<\/p>\n","protected":false},"author":5,"featured_media":0,"comment_status":"open","ping_status":"open","sticky":false,"template":"","format":"standard","meta":[],"categories":[42],"tags":[443,657],"_links":{"self":[{"href":"http:\/\/rurallascolonias.com.ar\/index.php?rest_route=\/wp\/v2\/posts\/2676"}],"collection":[{"href":"http:\/\/rurallascolonias.com.ar\/index.php?rest_route=\/wp\/v2\/posts"}],"about":[{"href":"http:\/\/rurallascolonias.com.ar\/index.php?rest_route=\/wp\/v2\/types\/post"}],"author":[{"embeddable":true,"href":"http:\/\/rurallascolonias.com.ar\/index.php?rest_route=\/wp\/v2\/users\/5"}],"replies":[{"embeddable":true,"href":"http:\/\/rurallascolonias.com.ar\/index.php?rest_route=%2Fwp%2Fv2%2Fcomments&post=2676"}],"version-history":[{"count":1,"href":"http:\/\/rurallascolonias.com.ar\/index.php?rest_route=\/wp\/v2\/posts\/2676\/revisions"}],"predecessor-version":[{"id":2677,"href":"http:\/\/rurallascolonias.com.ar\/index.php?rest_route=\/wp\/v2\/posts\/2676\/revisions\/2677"}],"wp:attachment":[{"href":"http:\/\/rurallascolonias.com.ar\/index.php?rest_route=%2Fwp%2Fv2%2Fmedia&parent=2676"}],"wp:term":[{"taxonomy":"category","embeddable":true,"href":"http:\/\/rurallascolonias.com.ar\/index.php?rest_route=%2Fwp%2Fv2%2Fcategories&post=2676"},{"taxonomy":"post_tag","embeddable":true,"href":"http:\/\/rurallascolonias.com.ar\/index.php?rest_route=%2Fwp%2Fv2%2Ftags&post=2676"}],"curies":[{"name":"wp","href":"https:\/\/api.w.org\/{rel}","templated":true}]}}