{"id":2674,"date":"2014-06-02T20:24:25","date_gmt":"2014-06-02T20:24:25","guid":{"rendered":"http:\/\/rurallascolonias.com.ar\/?p=2674"},"modified":"2014-06-02T20:24:25","modified_gmt":"2014-06-02T20:24:25","slug":"cra-descarto-la-propuesta-de-buzzi-de-convocar-a-un-paro-agrario-nacional","status":"publish","type":"post","link":"http:\/\/rurallascolonias.com.ar\/?p=2674","title":{"rendered":"CRA descart\u00f3 la propuesta de Buzzi de convocar a un paro agrario nacional"},"content":{"rendered":"<div class=\"description\" style=\"color: #333333;\"><a href=\"http:\/\/rurallascolonias.com.ar\/wp-content\/uploads\/2014\/02\/CRA.jpg\"><img loading=\"lazy\" class=\"aligncenter size-full wp-image-1331\" src=\"http:\/\/rurallascolonias.com.ar\/wp-content\/uploads\/2014\/02\/CRA.jpg\" alt=\"CRA\" width=\"185\" height=\"177\" \/><\/a>El presidente de Confederaciones Rurales Argentinas (CRA), Rub\u00e9n Ferrero, se desmarc\u00f3 ayer del llamado a un paro agrario nacional que realiz\u00f3 Eduardo Buzzi.<\/div>\n<p><!--more--><\/p>\n<div class=\"authorinfo\" style=\"color: #333333;\"><\/div>\n<div class=\"vsmcontent\" style=\"color: #333333;\">\n<p align=\"justify\">El presidente de Confederaciones Rurales Argentinas (CRA), Rub\u00e9n Ferrero, se desmarc\u00f3 ayer del llamado a un paro agrario nacional que realiz\u00f3 Eduardo Buzzi, titular de la Federaci\u00f3n Agraria Argentina (FAA), al sostener que ahora es tiempo de avanzar en la cosecha de soja, retrasada por las lluvias.<\/p>\n<p align=\"justify\">Desde Gualeguaych\u00fa, donde presidi\u00f3 el Congreso Anual de la entidad, Ferrero dej\u00f3 al desnudo las tensiones internas que cruzan a la Mesa de Enlace, al rechazar la propuesta de convocar a un paro esbozada la semana pasada por Buzzi. \u00abNo est\u00e1n dadas las condiciones para un paro en el corto plazo\u00bb, sostuvo Ferrero, al recordar la situaci\u00f3n de la soja, cuya cosecha fue retrasada por las lluvias intermitentes que cubrieron gran parte de la llamada zona n\u00facleo (Buenos Aires, Santa Fe y C\u00f3rdoba). \u00abEst\u00e1n dadas las condiciones para llevar adelante cualquier tipo de reclamo. Pero la mala situaci\u00f3n de la producci\u00f3n afectada por las lluvias que impiden la cosecha a tiempo, lleva a que los que est\u00e1n cosechando traten de sacar hasta el \u00faltimo grano de sus lotes, y los que no la pudieron sacar por el clima y por falta de inversi\u00f3n en los caminos, est\u00e1n trabajando en la trilla sin pausa\u00bb, sostuvo Ferrero, quien sin embargo admiti\u00f3 que \u00abhay sectores puntuales que no est\u00e1n bien y que probablemente convoquen a alguna acci\u00f3n, tipo movilizaci\u00f3n\u00bb. Por otro lado, el congreso de CRA reuni\u00f3 a Mauricio Macri (Pro), Ernesto Sanz (UCR) y Lilita Carri\u00f3 (Coalici\u00f3n C\u00edvica), quienes respaldaron los reclamos del sector, pero no dieron ninguna definici\u00f3n sobre un acuerdo entre el Frente Amplio Unen y el Pro.<\/p>\n<p align=\"justify\">Fuente:\u00a0<a title=\"Hoy d\u00eda\" href=\"http:\/\/www.hoydia.com.ar\/\">Hoy d\u00eda<\/a><\/p>\n<\/div>\n","protected":false},"excerpt":{"rendered":"<p>El presidente de Confederaciones Rurales Argentinas (CRA), Rub\u00e9n Ferrero, se desmarc\u00f3 ayer del llamado a un paro agrario nacional que realiz\u00f3 Eduardo Buzzi.<\/p>\n","protected":false},"author":5,"featured_media":0,"comment_status":"open","ping_status":"open","sticky":false,"template":"","format":"standard","meta":[],"categories":[42],"tags":[30,1000,1001],"_links":{"self":[{"href":"http:\/\/rurallascolonias.com.ar\/index.php?rest_route=\/wp\/v2\/posts\/2674"}],"collection":[{"href":"http:\/\/rurallascolonias.com.ar\/index.php?rest_route=\/wp\/v2\/posts"}],"about":[{"href":"http:\/\/rurallascolonias.com.ar\/index.php?rest_route=\/wp\/v2\/types\/post"}],"author":[{"embeddable":true,"href":"http:\/\/rurallascolonias.com.ar\/index.php?rest_route=\/wp\/v2\/users\/5"}],"replies":[{"embeddable":true,"href":"http:\/\/rurallascolonias.com.ar\/index.php?rest_route=%2Fwp%2Fv2%2Fcomments&post=2674"}],"version-history":[{"count":1,"href":"http:\/\/rurallascolonias.com.ar\/index.php?rest_route=\/wp\/v2\/posts\/2674\/revisions"}],"predecessor-version":[{"id":2675,"href":"http:\/\/rurallascolonias.com.ar\/index.php?rest_route=\/wp\/v2\/posts\/2674\/revisions\/2675"}],"wp:attachment":[{"href":"http:\/\/rurallascolonias.com.ar\/index.php?rest_route=%2Fwp%2Fv2%2Fmedia&parent=2674"}],"wp:term":[{"taxonomy":"category","embeddable":true,"href":"http:\/\/rurallascolonias.com.ar\/index.php?rest_route=%2Fwp%2Fv2%2Fcategories&post=2674"},{"taxonomy":"post_tag","embeddable":true,"href":"http:\/\/rurallascolonias.com.ar\/index.php?rest_route=%2Fwp%2Fv2%2Ftags&post=2674"}],"curies":[{"name":"wp","href":"https:\/\/api.w.org\/{rel}","templated":true}]}}