{"id":2526,"date":"2014-05-20T16:30:14","date_gmt":"2014-05-20T16:30:14","guid":{"rendered":"http:\/\/rurallascolonias.com.ar\/?p=2526"},"modified":"2014-05-20T16:31:34","modified_gmt":"2014-05-20T16:31:34","slug":"por-la-suba-de-precios-empezo-a-retroceder-el-consumo-de-carnes","status":"publish","type":"post","link":"http:\/\/rurallascolonias.com.ar\/?p=2526","title":{"rendered":"POR LA SUBA DE PRECIOS, EMPEZ\u00d3 A RETROCEDER EL CONSUMO DE CARNES"},"content":{"rendered":"<p><em><strong><a href=\"http:\/\/rurallascolonias.com.ar\/wp-content\/uploads\/2014\/05\/consumo-de-carne.jpg\"><img loading=\"lazy\" class=\"aligncenter size-full wp-image-2527\" src=\"http:\/\/rurallascolonias.com.ar\/wp-content\/uploads\/2014\/05\/consumo-de-carne.jpg\" alt=\"consumo de carne\" width=\"266\" height=\"190\" \/><\/a><span style=\"font-weight: normal; font-style: normal; color: #333333;\">Los cortes vacunos ahora cuestan el doble que hace tres a\u00f1os<\/span><\/strong><\/em><\/p>\n<p><span style=\"color: #333333;\">Luego de tocar el r\u00e9cord de casi 117 kilos anuales por habitante a mitad de 2013, el consumo de carnes en la Argentina comenz\u00f3 a retroceder debido a la fuerte alza en los precios internos de esos alimentos.<\/span><br style=\"color: #333333;\" \/><br style=\"color: #333333;\" \/><span style=\"color: #333333;\">Seg\u00fan datos oficiales, transcurrido el primer trimestre de este a\u00f1o la ingesta promedio de carne vacuna, aviar y porcina ahora se ubica en m\u00e1s moderados 108 kilogramos per c\u00e1pita.<\/span><br style=\"color: #333333;\" \/><br style=\"color: #333333;\" \/><br style=\"color: #333333;\" \/><br style=\"color: #333333;\" \/><br style=\"color: #333333;\" \/><br style=\"color: #333333;\" \/><\/p>\n","protected":false},"excerpt":{"rendered":"<p>Los cortes vacunos ahora cuestan el doble que hace tres a\u00f1os Luego de tocar el r\u00e9cord de casi 117 kilos anuales por habitante a mitad de 2013, el consumo de carnes en la Argentina comenz\u00f3 a retroceder debido a la fuerte alza en los precios internos de esos alimentos.Seg\u00fan datos oficiales, transcurrido el primer trimestre [&hellip;]<\/p>\n","protected":false},"author":5,"featured_media":0,"comment_status":"open","ping_status":"open","sticky":false,"template":"","format":"standard","meta":[],"categories":[42],"tags":[219,951],"_links":{"self":[{"href":"http:\/\/rurallascolonias.com.ar\/index.php?rest_route=\/wp\/v2\/posts\/2526"}],"collection":[{"href":"http:\/\/rurallascolonias.com.ar\/index.php?rest_route=\/wp\/v2\/posts"}],"about":[{"href":"http:\/\/rurallascolonias.com.ar\/index.php?rest_route=\/wp\/v2\/types\/post"}],"author":[{"embeddable":true,"href":"http:\/\/rurallascolonias.com.ar\/index.php?rest_route=\/wp\/v2\/users\/5"}],"replies":[{"embeddable":true,"href":"http:\/\/rurallascolonias.com.ar\/index.php?rest_route=%2Fwp%2Fv2%2Fcomments&post=2526"}],"version-history":[{"count":3,"href":"http:\/\/rurallascolonias.com.ar\/index.php?rest_route=\/wp\/v2\/posts\/2526\/revisions"}],"predecessor-version":[{"id":2530,"href":"http:\/\/rurallascolonias.com.ar\/index.php?rest_route=\/wp\/v2\/posts\/2526\/revisions\/2530"}],"wp:attachment":[{"href":"http:\/\/rurallascolonias.com.ar\/index.php?rest_route=%2Fwp%2Fv2%2Fmedia&parent=2526"}],"wp:term":[{"taxonomy":"category","embeddable":true,"href":"http:\/\/rurallascolonias.com.ar\/index.php?rest_route=%2Fwp%2Fv2%2Fcategories&post=2526"},{"taxonomy":"post_tag","embeddable":true,"href":"http:\/\/rurallascolonias.com.ar\/index.php?rest_route=%2Fwp%2Fv2%2Ftags&post=2526"}],"curies":[{"name":"wp","href":"https:\/\/api.w.org\/{rel}","templated":true}]}}