{"id":2523,"date":"2014-05-20T16:26:13","date_gmt":"2014-05-20T16:26:13","guid":{"rendered":"http:\/\/rurallascolonias.com.ar\/?p=2523"},"modified":"2014-05-20T16:26:13","modified_gmt":"2014-05-20T16:26:13","slug":"para-cra-se-producira-solo-la-mitad-del-trigo-que-se-podria-lograr","status":"publish","type":"post","link":"http:\/\/rurallascolonias.com.ar\/?p=2523","title":{"rendered":"PARA CRA, SE PRODUCIR\u00c1 S\u00d3LO LA MITAD DEL TRIGO QUE SE PODR\u00cdA LOGRAR"},"content":{"rendered":"<div class=\"description\" style=\"color: #333333;\"><a href=\"http:\/\/rurallascolonias.com.ar\/wp-content\/uploads\/2014\/05\/TRIGO-3.jpg\"><img loading=\"lazy\" class=\"aligncenter size-full wp-image-2524\" src=\"http:\/\/rurallascolonias.com.ar\/wp-content\/uploads\/2014\/05\/TRIGO-3.jpg\" alt=\"TRIGO 3\" width=\"275\" height=\"183\" \/><\/a>Luego de un a\u00f1o complejo por la escasez del cereal, que termin\u00f3 empujando los precios de la harina y del pan, la entidad agropecuaria asegura que hay condiciones para cosechar 19 millones de toneladas.<\/div>\n<p><!--more--><\/p>\n<div class=\"authorinfo\" style=\"color: #333333;\"><\/div>\n<div class=\"vsmcontent\" style=\"color: #333333;\">\n<p align=\"justify\">Luego de un p\u00e9simo a\u00f1o para el trigo, con un \u00e1rea sembrada sumamente peque\u00f1a para las marcas hist\u00f3ricas del pa\u00eds, que termin\u00f3 en una escasez de harina y una escalada en los precios que lleg\u00f3 a impactar en el pan, Confederaciones Rurales Argentinas (CRA) asegur\u00f3 que por las buenas condiciones agron\u00f3micas y los valores internacionales, esta campa\u00f1a podr\u00eda lograrse una cosecha cercana a las 19 millones de toneladas. Sin embargo, estim\u00f3 que por la situaci\u00f3n del mercado apenas se superar\u00e1n los 10 millones.<\/p>\n<p>\u201cEn un pa\u00eds normal, con el factor clim\u00e1tico y el precio internacional que tenemos, deber\u00edamos llegar a 18 o 19 millones de toneladas. Seguramente el Gobierno va a presentar como un \u00e9xito que de 9,2 millones de toneladas del a\u00f1o pasado pasemos a 10,5 millones. Pero seguimos estando muy lejos del potencial que tenemos. Y el problema es que el productor no le cree a este gobierno. No quieren que le saquen para que le devuelvan por otra ventanilla. Hay que transparentar el mercado, pero no hay voluntad en ese sentido\u201d, explic\u00f3 a PUNTAL el presidente de CRA, Rub\u00e9n Ferrero.<\/p>\n<p>Y agrego: \u201cCuando la semana pasada el ministro llam\u00f3 a protagonistas de la cadena del trigo, convoc\u00f3 a distintos actores, pero no al productor que es quien produce y quien tira la semilla en la tierra\u201d, se quej\u00f3.<\/p>\n<p>Con respecto a las perspectivas para el campo, Ferrero indic\u00f3 que \u201cse viene un per\u00edodo muy duro hasta 2015 porque no se ve de parte del oficialismo que est\u00e9 pensando en llevar adelante ning\u00fan cambio. De hecho el ministro de Agricultura, Carlos Casamiquela no nos recibe, no nos atiende, y cada vez que pueden la Presidenta, el ministro o el jefe de Gabinete nos pega terriblemente tratando de hacernos responsables de la inflaci\u00f3n y de todos los males que padece la Argentina\u201d, dijo el presidente de CRA.<\/p>\n<p>Y concluy\u00f3: \u201cLa mayor\u00eda de los pol\u00edticos se est\u00e1 dando cuenta, excepto el kirchnerismo de que Argentina necesita producir m\u00e1s en todos los sectores y recuperar mercados\u201d.<\/p>\n<p align=\"justify\">Fuente:\u00a0<a title=\"Puntual\" href=\"http:\/\/www.puntal.com.ar\/\">Puntual<\/a><\/p>\n<\/div>\n","protected":false},"excerpt":{"rendered":"<p>Luego de un a\u00f1o complejo por la escasez del cereal, que termin\u00f3 empujando los precios de la harina y del pan, la entidad agropecuaria asegura que hay condiciones para cosechar 19 millones de toneladas.<\/p>\n","protected":false},"author":5,"featured_media":0,"comment_status":"open","ping_status":"open","sticky":false,"template":"","format":"standard","meta":[],"categories":[42],"tags":[30,27],"_links":{"self":[{"href":"http:\/\/rurallascolonias.com.ar\/index.php?rest_route=\/wp\/v2\/posts\/2523"}],"collection":[{"href":"http:\/\/rurallascolonias.com.ar\/index.php?rest_route=\/wp\/v2\/posts"}],"about":[{"href":"http:\/\/rurallascolonias.com.ar\/index.php?rest_route=\/wp\/v2\/types\/post"}],"author":[{"embeddable":true,"href":"http:\/\/rurallascolonias.com.ar\/index.php?rest_route=\/wp\/v2\/users\/5"}],"replies":[{"embeddable":true,"href":"http:\/\/rurallascolonias.com.ar\/index.php?rest_route=%2Fwp%2Fv2%2Fcomments&post=2523"}],"version-history":[{"count":1,"href":"http:\/\/rurallascolonias.com.ar\/index.php?rest_route=\/wp\/v2\/posts\/2523\/revisions"}],"predecessor-version":[{"id":2525,"href":"http:\/\/rurallascolonias.com.ar\/index.php?rest_route=\/wp\/v2\/posts\/2523\/revisions\/2525"}],"wp:attachment":[{"href":"http:\/\/rurallascolonias.com.ar\/index.php?rest_route=%2Fwp%2Fv2%2Fmedia&parent=2523"}],"wp:term":[{"taxonomy":"category","embeddable":true,"href":"http:\/\/rurallascolonias.com.ar\/index.php?rest_route=%2Fwp%2Fv2%2Fcategories&post=2523"},{"taxonomy":"post_tag","embeddable":true,"href":"http:\/\/rurallascolonias.com.ar\/index.php?rest_route=%2Fwp%2Fv2%2Ftags&post=2523"}],"curies":[{"name":"wp","href":"https:\/\/api.w.org\/{rel}","templated":true}]}}