{"id":247,"date":"2013-11-29T16:06:20","date_gmt":"2013-11-29T16:06:20","guid":{"rendered":"http:\/\/rurallascolonias.com.ar\/?p=247"},"modified":"2013-11-29T16:06:20","modified_gmt":"2013-11-29T16:06:20","slug":"seria-verdaderamente-lamentable-que-casamiquela-no-reciba-a-la-mesa-de-enlace","status":"publish","type":"post","link":"http:\/\/rurallascolonias.com.ar\/?p=247","title":{"rendered":"SER\u00cdA \u00abVERDADERAMENTE LAMENTABLE\u00bb QUE CASAMIQUELA NO RECIBA A LA MESA DE ENLACE"},"content":{"rendered":"<div><a href=\"http:\/\/rurallascolonias.com.ar\/wp-content\/uploads\/2013\/11\/FERRERO-2.png\"><img loading=\"lazy\" class=\"alignleft size-medium wp-image-248\" alt=\"FERRERO 2\" src=\"http:\/\/rurallascolonias.com.ar\/wp-content\/uploads\/2013\/11\/FERRERO-2-300x132.png\" width=\"300\" height=\"132\" srcset=\"http:\/\/rurallascolonias.com.ar\/wp-content\/uploads\/2013\/11\/FERRERO-2-300x132.png 300w, http:\/\/rurallascolonias.com.ar\/wp-content\/uploads\/2013\/11\/FERRERO-2.png 337w\" sizes=\"(max-width: 300px) 100vw, 300px\" \/><\/a>El presidente de Confederaciones Rural Argentinas (CRA), Rub\u00e9n Ferrero, calific\u00f3 como \u00abverdaderamente lamentable\u00bb la decisi\u00f3n del ministro de Agricultura, Carlos Casamiquela, de no reunirse con la Mesa de Enlace.<!--more--><\/div>\n<div><\/div>\n<div>\n<div align=\"justify\">El presidente de Confederaciones Rural Argentinas (CRA), Rub\u00e9n Ferrero, calific\u00f3 \u00a0como \u00abverdaderamente lamentable\u00bb la decisi\u00f3n del ministro de Agricultura, Carlos Casamiquela, de no reunirse con la Mesa de Enlace y consider\u00f3 \u00abnecesario comenzar el di\u00e1logo\u00bb en favor del desarrollo del sector.<\/div>\n<div align=\"justify\"><\/div>\n<div align=\"justify\">\u00abDebo aclarar que seg\u00fan versiones period\u00edsticas, el ministro no nos recibir\u00eda y esto es verdaderamente lamentable. Es m\u00e1s de lo mismo. As\u00ed, seguramente se encamina as\u00ed al fracaso como el que tuvo el ministro que se acaba de retirar\u00bb, indic\u00f3 Ferrero en referencia a Norberto Yauhar.<\/div>\n<div align=\"justify\"><\/div>\n<div align=\"justify\">El dirigente ruralista objet\u00f3 el \u00abninguneo\u00bb que sufre la dirigencia ruralista por parte del gobierno de Cristina Fern\u00e1ndez y consider\u00f3 que \u00absi ese va a ser el cambio (en la gesti\u00f3n de la pol\u00edtica agropecuaria), va a ser m\u00e1s de lo mismo\u00bb.<\/div>\n<div align=\"justify\"><\/div>\n<div align=\"justify\">\u00abEsperemos que el ministro Casamiquela entienda que es necesario comenzar el di\u00e1logo\u00bb con las cuatro entidades del campo que conforman la Mesa de Enlace, expres\u00f3 Ferrero.<\/div>\n<div align=\"justify\"><\/div>\n<div align=\"justify\"><\/div>\n<div align=\"justify\">Fuente:\u00a0<a title=\"Santa fe en producci\u00f3n\" href=\"http:\/\/www.santafeenproduccion.com.ar\/\">Santa fe en producci\u00f3n<\/a><\/div>\n<\/div>\n","protected":false},"excerpt":{"rendered":"<p>El presidente de Confederaciones Rural Argentinas (CRA), Rub\u00e9n Ferrero, calific\u00f3 como \u00abverdaderamente lamentable\u00bb la decisi\u00f3n del ministro de Agricultura, Carlos Casamiquela, de no reunirse con la Mesa de Enlace.<\/p>\n","protected":false},"author":5,"featured_media":0,"comment_status":"closed","ping_status":"closed","sticky":false,"template":"","format":"standard","meta":[],"categories":[33],"tags":[22,34],"_links":{"self":[{"href":"http:\/\/rurallascolonias.com.ar\/index.php?rest_route=\/wp\/v2\/posts\/247"}],"collection":[{"href":"http:\/\/rurallascolonias.com.ar\/index.php?rest_route=\/wp\/v2\/posts"}],"about":[{"href":"http:\/\/rurallascolonias.com.ar\/index.php?rest_route=\/wp\/v2\/types\/post"}],"author":[{"embeddable":true,"href":"http:\/\/rurallascolonias.com.ar\/index.php?rest_route=\/wp\/v2\/users\/5"}],"replies":[{"embeddable":true,"href":"http:\/\/rurallascolonias.com.ar\/index.php?rest_route=%2Fwp%2Fv2%2Fcomments&post=247"}],"version-history":[{"count":1,"href":"http:\/\/rurallascolonias.com.ar\/index.php?rest_route=\/wp\/v2\/posts\/247\/revisions"}],"predecessor-version":[{"id":249,"href":"http:\/\/rurallascolonias.com.ar\/index.php?rest_route=\/wp\/v2\/posts\/247\/revisions\/249"}],"wp:attachment":[{"href":"http:\/\/rurallascolonias.com.ar\/index.php?rest_route=%2Fwp%2Fv2%2Fmedia&parent=247"}],"wp:term":[{"taxonomy":"category","embeddable":true,"href":"http:\/\/rurallascolonias.com.ar\/index.php?rest_route=%2Fwp%2Fv2%2Fcategories&post=247"},{"taxonomy":"post_tag","embeddable":true,"href":"http:\/\/rurallascolonias.com.ar\/index.php?rest_route=%2Fwp%2Fv2%2Ftags&post=247"}],"curies":[{"name":"wp","href":"https:\/\/api.w.org\/{rel}","templated":true}]}}