{"id":2466,"date":"2014-05-15T16:15:04","date_gmt":"2014-05-15T16:15:04","guid":{"rendered":"http:\/\/rurallascolonias.com.ar\/?p=2466"},"modified":"2014-05-15T16:15:04","modified_gmt":"2014-05-15T16:15:04","slug":"en-santa-fe-la-cosecha-va-a-ritmo-lento-por-el-clima","status":"publish","type":"post","link":"http:\/\/rurallascolonias.com.ar\/?p=2466","title":{"rendered":"EN SANTA FE LA COSECHA VA A \u00abRITMO LENTO\u00bb POR EL CLIMA"},"content":{"rendered":"<div class=\"description\" style=\"color: #333333;\"><a href=\"http:\/\/rurallascolonias.com.ar\/wp-content\/uploads\/2014\/05\/cosecha-lenta.jpg\"><img loading=\"lazy\" class=\"aligncenter size-full wp-image-2467\" src=\"http:\/\/rurallascolonias.com.ar\/wp-content\/uploads\/2014\/05\/cosecha-lenta.jpg\" alt=\"cosecha lenta\" width=\"207\" height=\"155\" \/><\/a>La situaci\u00f3n es debido a \u00abcondiciones clim\u00e1ticas expresadas en inestabilidad, precipitaciones, d\u00edas de altos porcentajes de humedad ambiente, niebla y llovizna\u00bb.<\/div>\n<p><!--more--><\/p>\n<div class=\"authorinfo\" style=\"color: #333333;\"><\/div>\n<div class=\"vsmcontent\" style=\"color: #333333;\">\n<p align=\"justify\">Santa Fe &#8211; Las cosechas de soja, algod\u00f3n y sorgo se realizan \u00aba un ritmo muy lento\u00bb en el centro y norte de la provincia de Santa Fe debido a \u00abcondiciones clim\u00e1ticas expresadas en inestabilidad, precipitaciones, d\u00edas de altos porcentajes de humedad ambiente, niebla y llovizna\u00bb, seg\u00fan el habitual informe semanal que elaboran el Ministerio de la Producci\u00f3n provincial y la<br \/>\nBolsa de Comercio de Santa Fe.<\/p>\n<p>\u00abPreocupa que no se observen pron\u00f3sticos con d\u00edas m\u00e1s secos, con menor humedad ambiente y lapso que permita realizar la cosecha y no impacte en la calidad de los granos o productos a obtener\u00bb, advirti\u00f3 el escrito.<\/p>\n<p>En el caso de la soja de primera, se ha cosechado el 54% de la superficie sembrada, porcentaje que representa unas 330.500 hect\u00e1reas y que comparada con la campa\u00f1a anterior, presenta un 25% de retraso. Los rendimientos m\u00ednimos promedio obtenidos hasta ayer se mantienen y<br \/>\nfluct\u00faan entre los 18 y 22 quintales por hect\u00e1rea, los m\u00e1ximos de entre 38 a 40 quintales y lotes puntuales de hasta 50 quintales, con una media consolidada entre los 30 y 34.<\/p>\n<p>Respecto de la soja de segunda, en los departamentos ubicados al sur de la regi\u00f3n avanza muy lentamente la cosecha y se estima para el final del ciclo un rendimiento promedio de 25 y 27 quintales por hect\u00e1rea.<\/p>\n<p>Acerca del sorgo gran\u00edfero, en el centro-norte de la provincia el \u00e1rea sembrada fue de 60.500 hect\u00e1reas y hasta el momento se ha cosechado el 40%, con un avance de la trilla muy lento por las condiciones clim\u00e1ticas. Los rendimientos fluct\u00faan entre los 30 y 32 quintales por hect\u00e1rea como m\u00ednimo, y entre 48 y 55 quintales como m\u00e1ximo.<\/p>\n<p>En cuanto con el algod\u00f3n, \u00abest\u00e1 frenada la recolecci\u00f3n\u00bb y \u00abexiste preocupaci\u00f3n por la adversidad clim\u00e1tica que repercute en la calidad final del producto\u00bb. En la zona comprendida por el departamento 9 de Julio y noroeste\u00a0\u00a0de Vera los rendimientos obtenidos con anterioridad se ubicaron entre los 1.700 y 2.250 kilogramos por hect\u00e1rea.<\/p>\n<p>En tanto, en el departamento General Obligado y el noreste de Vera se obtuvieron promedios de entre 1.450 y 2.100 kilogramos.<\/p>\n<p align=\"justify\">Fuente:\u00a0<a title=\"\u00c1mbito Financiero\" href=\"http:\/\/www.ambito.com\/\">\u00c1mbito Financiero<\/a><\/p>\n<\/div>\n","protected":false},"excerpt":{"rendered":"<p>La situaci\u00f3n es debido a \u00abcondiciones clim\u00e1ticas expresadas en inestabilidad, precipitaciones, d\u00edas de altos porcentajes de humedad ambiente, niebla y llovizna\u00bb.<\/p>\n","protected":false},"author":5,"featured_media":0,"comment_status":"open","ping_status":"open","sticky":false,"template":"","format":"standard","meta":[],"categories":[18],"tags":[91,232,119],"_links":{"self":[{"href":"http:\/\/rurallascolonias.com.ar\/index.php?rest_route=\/wp\/v2\/posts\/2466"}],"collection":[{"href":"http:\/\/rurallascolonias.com.ar\/index.php?rest_route=\/wp\/v2\/posts"}],"about":[{"href":"http:\/\/rurallascolonias.com.ar\/index.php?rest_route=\/wp\/v2\/types\/post"}],"author":[{"embeddable":true,"href":"http:\/\/rurallascolonias.com.ar\/index.php?rest_route=\/wp\/v2\/users\/5"}],"replies":[{"embeddable":true,"href":"http:\/\/rurallascolonias.com.ar\/index.php?rest_route=%2Fwp%2Fv2%2Fcomments&post=2466"}],"version-history":[{"count":1,"href":"http:\/\/rurallascolonias.com.ar\/index.php?rest_route=\/wp\/v2\/posts\/2466\/revisions"}],"predecessor-version":[{"id":2468,"href":"http:\/\/rurallascolonias.com.ar\/index.php?rest_route=\/wp\/v2\/posts\/2466\/revisions\/2468"}],"wp:attachment":[{"href":"http:\/\/rurallascolonias.com.ar\/index.php?rest_route=%2Fwp%2Fv2%2Fmedia&parent=2466"}],"wp:term":[{"taxonomy":"category","embeddable":true,"href":"http:\/\/rurallascolonias.com.ar\/index.php?rest_route=%2Fwp%2Fv2%2Fcategories&post=2466"},{"taxonomy":"post_tag","embeddable":true,"href":"http:\/\/rurallascolonias.com.ar\/index.php?rest_route=%2Fwp%2Fv2%2Ftags&post=2466"}],"curies":[{"name":"wp","href":"https:\/\/api.w.org\/{rel}","templated":true}]}}