{"id":2463,"date":"2014-05-15T16:10:59","date_gmt":"2014-05-15T16:10:59","guid":{"rendered":"http:\/\/rurallascolonias.com.ar\/?p=2463"},"modified":"2014-05-15T16:10:59","modified_gmt":"2014-05-15T16:10:59","slug":"se-presento-el-congreso-de-cra-en-buenos-aires","status":"publish","type":"post","link":"http:\/\/rurallascolonias.com.ar\/?p=2463","title":{"rendered":"SE PRESENT\u00d3 EL CONGRESO DE CRA EN BUENOS AIRES"},"content":{"rendered":"<p><span style=\"color: #333333;\"><a href=\"http:\/\/rurallascolonias.com.ar\/wp-content\/uploads\/2014\/05\/cONGRESO-cra-4.jpg\"><img loading=\"lazy\" class=\"aligncenter wp-image-2464 size-medium\" src=\"http:\/\/rurallascolonias.com.ar\/wp-content\/uploads\/2014\/05\/cONGRESO-cra-4-300x169.jpg\" alt=\"cONGRESO cra 4\" width=\"300\" height=\"169\" srcset=\"http:\/\/rurallascolonias.com.ar\/wp-content\/uploads\/2014\/05\/cONGRESO-cra-4-300x169.jpg 300w, http:\/\/rurallascolonias.com.ar\/wp-content\/uploads\/2014\/05\/cONGRESO-cra-4-600x339.jpg 600w, http:\/\/rurallascolonias.com.ar\/wp-content\/uploads\/2014\/05\/cONGRESO-cra-4.jpg 615w\" sizes=\"(max-width: 300px) 100vw, 300px\" \/><\/a>El encuentro ruralista ser\u00e1 el 30 y 31 de mayo en la ciudad de Gualeguaych\u00fa. El futuro del gremialismo, la econom\u00eda, la producci\u00f3n y el Mercosur ser\u00e1n algunos de los temas de un encuentro con un fuerte tinte pol\u00edtico.<\/span><!--more--><\/p>\n<p style=\"color: #333333;\" align=\"justify\">Confederaciones Rurales Argentinas present\u00f3 ante periodistas, profesionales del sector, productores y dirigentes agropecuarios de todo el pa\u00eds la nueva edici\u00f3n de su Congreso Nacional que se llevar\u00e1 a cabo el 30 y 31 de mayo en la ciudad de Gualeguaych\u00fa, Entre R\u00edos.<\/p>\n<p style=\"color: #333333;\" align=\"justify\">El presidente de Confederaciones Rurales Argentinas, Rub\u00e9n Ferrero, anticip\u00f3 que \u201cser\u00e1 un gran encuentro de productores de todo el pa\u00eds, lo que posibilitar\u00e1, como todos los a\u00f1os, el intercambio cultural. Ser\u00e1 un \u00e1mbito para pensar en el ma\u00f1ana y en el compromiso\u201d.<\/p>\n<p style=\"color: #333333;\" align=\"justify\">Ferrero dijo adem\u00e1s que esta nueva edici\u00f3n se llevar\u00e1 a cabo en un contexto pol\u00edtico que est\u00e1 \u201cllegando al final y que deja grandes deudas con la sociedad en educaci\u00f3n, salud, seguridad, energ\u00eda, y otros flagelos que se han agravado como la desigualdad, la pobreza y la inflaci\u00f3n\u201d.<\/p>\n<p style=\"color: #333333;\" align=\"justify\">Entrando en algunos detalles del Congreso Ferrero expres\u00f3 que \u201ccomenzaremos con el Obispo de Gualeguaych\u00fa, Monse\u00f1or Jorge Lozano, y continuaremos con figuras del empresariado nacional como Juan Jos\u00e9 Aranguren, CEO de Shell, y personalidades del exterior que nos dar\u00e1n su visi\u00f3n acerca de c\u00f3mo ven a la producci\u00f3n en sus pa\u00edses y como analizan la demanda mundial. En tanto los referentes pol\u00edticos que fueron invitados nos dejar\u00e1n una visi\u00f3n acerca de cada uno de los temas que preocupan a los productores\u201d.<\/p>\n<p style=\"color: #333333;\" align=\"justify\">Entre los referentes de la opini\u00f3n p\u00fablica nacional se destaca la participaci\u00f3n del periodista Marcelo Longobardi.<\/p>\n<p style=\"color: #333333;\" align=\"justify\">El presidente de\u00a0Federaci\u00f3n de Asociaciones Rurales de Entre R\u00edos (FARER), Jorge Chemes, se\u00f1al\u00f3 que \u201cser\u00e1 un espacio muy especial donde los representantes de las sociedades rurales podremos expresar lo que pensamos y funcionar\u00e1 como un resumen y evaluaci\u00f3n de nuestras tareas en materia gremial\u201d.<br \/>\n\u201cEl Congreso fortalece a toda la comunidades de las sociedades rurales del pa\u00eds, que son la columna vertebral de cada Confederaci\u00f3n y por ende de CRA. El Congreso de Gualeguaych\u00fa ser\u00e1 un espacio para reprensar nuestra ideolog\u00eda gremial que es la base del pensamiento del productor\u201d, sintetiz\u00f3 Chemes.<\/p>\n<p style=\"color: #333333;\" align=\"justify\">Otros de los oradores de la presentaci\u00f3n fue el presidente de\u00a0la Sociedad\u00a0Rural\u00a0de Gualeguaych\u00fa, Javier Melchiori, entidad organizadora del Congreso e integrante de FARER, adherida a CRA.<\/p>\n<p style=\"color: #333333;\" align=\"justify\">\u201cEstamos con la expectativa de que se lleve a cabo un gran Congreso, y por la cantidad de inscriptos prevemos que vamos por buen camino\u201d, dijo Melchiori. \u201cAlgunos de los temas se alejan de la vor\u00e1gine de la coyuntura y apuntan al futuro. Debemos ser nosotros los protagonistas y moldear el futuro que se viene. Es por eso que el asistente va a tener mucha importancia en el Congreso a trav\u00e9s de su participaci\u00f3n\u201d.<\/p>\n<p style=\"color: #333333;\" align=\"justify\"><b>Sobre el Congreso CRA<\/b><\/p>\n<p style=\"color: #333333;\" align=\"justify\">30 y 31 de mayo es la fecha para la nueva edici\u00f3n del Congreso de Confederaciones Rurales Argentinas que se realizar\u00e1 en Gualeguaych\u00fa y que ya genera expectativas que trascienden la esfera del \u00e1mbito agropecuario debido a la presencia de algunos de los m\u00e1s importantes referentes de la pol\u00edtica nacional como\u00a0<strong><b>el Jefe de Gobierno de\u00a0la Ciudad\u00a0de Buenos Aires, Mauricio Macri, la diputada nacional de UNEN Elisa Carri\u00f3 y el senador nacional Ernesto Sanz, entre otros.<\/b><\/strong><\/p>\n<p style=\"color: #333333;\" align=\"justify\">Inter\u00e9s comunitario, la imagen del hombre de campo ante la sociedad, los valores y la situaci\u00f3n en algunos de los principales pa\u00edses productores del mundo ser\u00e1n solo disparadores del Congreso. En este mismo sentido Melchiori manifest\u00f3 que\u00a0\u201cdebemos trabajar lo que nos sucede a las entidades puertas adentro en temas como la comunicaci\u00f3n y el financiamiento\u201d.<\/p>\n<p style=\"color: #333333;\" align=\"justify\">Entre los temas que sobresalen estar\u00e1 la comunicaci\u00f3n del sector agropecuario, las estrategias y caminos a seguir por el gremialismo rural, la integraci\u00f3n del Mercosur y la relaci\u00f3n entre sector p\u00fablico y privado de la mano de la presencia de ministros de agricultura de algunas de las principales provincias productivas del pa\u00eds.<\/p>\n<p style=\"color: #333333;\" align=\"justify\">CRA<\/p>\n","protected":false},"excerpt":{"rendered":"<p>El encuentro ruralista ser\u00e1 el 30 y 31 de mayo en la ciudad de Gualeguaych\u00fa. El futuro del gremialismo, la econom\u00eda, la producci\u00f3n y el Mercosur ser\u00e1n algunos de los temas de un encuentro con un fuerte tinte pol\u00edtico.<\/p>\n","protected":false},"author":5,"featured_media":0,"comment_status":"open","ping_status":"open","sticky":false,"template":"","format":"standard","meta":[],"categories":[1],"tags":[],"_links":{"self":[{"href":"http:\/\/rurallascolonias.com.ar\/index.php?rest_route=\/wp\/v2\/posts\/2463"}],"collection":[{"href":"http:\/\/rurallascolonias.com.ar\/index.php?rest_route=\/wp\/v2\/posts"}],"about":[{"href":"http:\/\/rurallascolonias.com.ar\/index.php?rest_route=\/wp\/v2\/types\/post"}],"author":[{"embeddable":true,"href":"http:\/\/rurallascolonias.com.ar\/index.php?rest_route=\/wp\/v2\/users\/5"}],"replies":[{"embeddable":true,"href":"http:\/\/rurallascolonias.com.ar\/index.php?rest_route=%2Fwp%2Fv2%2Fcomments&post=2463"}],"version-history":[{"count":1,"href":"http:\/\/rurallascolonias.com.ar\/index.php?rest_route=\/wp\/v2\/posts\/2463\/revisions"}],"predecessor-version":[{"id":2465,"href":"http:\/\/rurallascolonias.com.ar\/index.php?rest_route=\/wp\/v2\/posts\/2463\/revisions\/2465"}],"wp:attachment":[{"href":"http:\/\/rurallascolonias.com.ar\/index.php?rest_route=%2Fwp%2Fv2%2Fmedia&parent=2463"}],"wp:term":[{"taxonomy":"category","embeddable":true,"href":"http:\/\/rurallascolonias.com.ar\/index.php?rest_route=%2Fwp%2Fv2%2Fcategories&post=2463"},{"taxonomy":"post_tag","embeddable":true,"href":"http:\/\/rurallascolonias.com.ar\/index.php?rest_route=%2Fwp%2Fv2%2Ftags&post=2463"}],"curies":[{"name":"wp","href":"https:\/\/api.w.org\/{rel}","templated":true}]}}