{"id":2448,"date":"2014-05-14T16:06:32","date_gmt":"2014-05-14T16:06:32","guid":{"rendered":"http:\/\/rurallascolonias.com.ar\/?p=2448"},"modified":"2014-05-14T16:06:32","modified_gmt":"2014-05-14T16:06:32","slug":"el-exito-de-la-soja-es-insuficiente-para-el-sector-agropecuario","status":"publish","type":"post","link":"http:\/\/rurallascolonias.com.ar\/?p=2448","title":{"rendered":"EL \u00c9XITO DE LA SOJA ES INSUFICIENTE PARA EL SECTOR AGROPECUARIO"},"content":{"rendered":"<div class=\"description\" style=\"color: #333333;\"><a href=\"http:\/\/rurallascolonias.com.ar\/wp-content\/uploads\/2014\/05\/exito-de-la-soja.jpg\"><img loading=\"lazy\" class=\"aligncenter size-full wp-image-2449\" src=\"http:\/\/rurallascolonias.com.ar\/wp-content\/uploads\/2014\/05\/exito-de-la-soja.jpg\" alt=\"exito de la soja\" width=\"272\" height=\"185\" \/><\/a>\u00abEl pa\u00eds no consume soja; se alent\u00f3 su producci\u00f3n porque no genera tensi\u00f3n con el abastecimiento dom\u00e9stico\u00bb, dijo Marcelo Elizondo.<\/div>\n<p><!--more--><\/p>\n<div class=\"authorinfo\" style=\"color: #333333;\"><\/div>\n<div class=\"vsmcontent\" style=\"color: #333333;\">\n<p align=\"justify\">\u201cEl pa\u00eds casi no consume soja; se alent\u00f3 su producci\u00f3n porque no genera tensi\u00f3n con el abastecimiento dom\u00e9stico\u201d, dijo Marcelo Elizondo.<br \/>\nEl \u00e9xito de la cosecha de soja no alcanz\u00f3 para revertir el deterioro del sector agropecuario, que perdi\u00f3 su posici\u00f3n privilegiada como exportador de carnes y tiene capacidad ociosa en maquinarias, adem\u00e1s de haber perdido socios comerciales.<\/p>\n<p>Desde diferentes \u00e1mbitos -entidades, dirigentes, asociaciones, parte de las cadenas de valor- se reclama el cambio de pol\u00edticas agropecuarias con el foco puesto en la eliminaci\u00f3n o reducci\u00f3n de retenciones, una menor presi\u00f3n fiscal y la desaparici\u00f3n de los Roes, los permisos de embarque a trav\u00e9s de los cuales se interviene la comercializaci\u00f3n.<\/p>\n<p>La Argentina perdi\u00f3 posiciones importantes, y Federico Landgraf, economista de Coninagro, analiz\u00f3 en un seminario el jueves pasado que si la Argentina hubiese exportado a los niveles de 2005, hoy ingresar\u00edan al pa\u00eds u$s 2.500 millones anuales adicionales por venta de carne al exterior.<\/p>\n<p>No obstante, el Gobierno prioriza el mercado interno por encima del de venta externa; \u00abas\u00ed tenemos que la exportaci\u00f3n hist\u00f3rica representaba el 20% de la producci\u00f3n local y ahora s\u00f3lo implica el 7%\u00bb.<\/p>\n<p>Como consecuencia de la pol\u00edtica econ\u00f3mica del Gobierno, hubo aumento del precio al consumidor, falta de oportunidad y menor competitividad de los productores, se ingresa en una fase de liquidaci\u00f3n de vientres por bajos precios y altos costos, y la Argentina se ha convertido en un proveedor no confiable.\u00a0Falta un plan ganadero nacional para enfrentar situaciones como las que se plantean en las que la ganader\u00eda sufre desplazamiento de \u00e1reas y la producci\u00f3n est\u00e1 golpeada por bajos \u00edndices reproductivos, dijo el economista.<\/p>\n<p>Mientras tanto, el Gobierno se recuesta en el peso del complejo sojero que es tal que, en los \u00faltimos a\u00f1os, represent\u00f3 casi un tercio del total exportado por la Argentina.<\/p>\n<p>Pero hay crisis en Estados Unidos y en Ucrania, lo que abre una ventana para la exportaci\u00f3n del trigo, pero al oficialismo no parece interesarle ya que seg\u00fan\u00a0<strong>Confederaciones Rurales Argentinas (CRA<\/strong>), la Argentina podr\u00eda incrementar el \u00e1rea sembrada en un 50% y as\u00ed se llegar\u00eda a m\u00e1s de 7,5 millones de hect\u00e1reas, pero no hay medidas que alienten la mayor<br \/>\nimplantaci\u00f3n.<\/p>\n<p>El deterioro del sector agr\u00edcola se manifiesta en la falta de adquisici\u00f3n de maquinaria agr\u00edcola como se lo manifestaron industriales a la ministra del \u00e1rea D\u00e9bora Giorgi al consignar la extrema ca\u00edda en las ventas en el primer trimestre del a\u00f1o.<\/p>\n<p>El presidente de la C\u00e1mara de Fabricantes de Maquinaria Agr\u00edcola, Carlos Castellani, asegur\u00f3 que \u00abhay una capacidad ociosa que se ubica entre un 40 y un 50 por ciento\u00bb. Ocurre que el sector creci\u00f3 en muchos a\u00f1os de precios altos de granos y aument\u00f3 sus instalaciones, entonces necesitan exportar, pero los incentivos no llegan. Castellani advirti\u00f3 que en 2013, el 70% de las m\u00e1quinas\u00a0\u00a0que se vendieron fue debido a un cr\u00e9dito a cinco a\u00f1os de plazo a tasa fija, pero ahora no est\u00e1 muy fluida la financiaci\u00f3n.<\/p>\n<p>Por su parte, el portal IProfesional realiz\u00f3 un interesante trabajo donde deja de lado la sojizaci\u00f3n que beneficia al Gobierno a trav\u00e9s de las retenciones y de un importante ingresos de divisas y se dedic\u00f3 a analizar sectores que antes brillaban y ahora exhiben una \u00abpobre performance exportadora\u00bb mientras que \u00aba\u00f1o tras a\u00f1o, son desplazados del r\u00e1nking de los principales jugadores globales\u00bb.<\/p>\n<p>En ese an\u00e1lisis Marcelo Elizondo, ex director ejecutivo de Fundaci\u00f3n ExportAr, resumi\u00f3 los miedos del oficialismo y la consecuencia que es el \u00absesgo antiexportador que caracteriz\u00f3 a las pol\u00edticas del kirchnerismo\u00bb. \u00abLa Argentina casi no consume soja, entonces nunca fue un problema que se venda la mayor\u00eda afuera. Se alent\u00f3 su producci\u00f3n porque no genera tensi\u00f3n con el abastecimiento dom\u00e9stico\u00bb.<\/p>\n<p>Destac\u00f3 en cambio que \u00abcon otros productos, como la carne, el trigo o el ma\u00edz, que s\u00ed se consumen a nivel local, el Gobierno vio en la exportaci\u00f3n a un competidor que pod\u00eda incrementar el nivel de precios. Este concepto err\u00f3neo de que exportar mucho genera inflaci\u00f3n es t\u00edpico de la d\u00e9cada del \u00b450 y se vincula con frases como \u00b4defender la mesa de los argentinos\u00b4o \u00b4vivir con lo nuestro\u00b4\u00bb.<\/p>\n<p>Para IProfesional, uno de los ejemplos m\u00e1s contundentes sobre el ocaso de lo que a\u00f1os atr\u00e1s eran verdaderas \u00abestrellas\u00bb de la canasta exportadora nacional, es el de la carne.<\/p>\n<p>En 2009, la Argentina era uno de los grandes proveedores globales y seg\u00fan registros del Departamento de Agricultura de Estados Unidos, se ubicaba en el cuarto puesto por lo que era responsable de casi el 10% del comercio mundial.<\/p>\n<p>S\u00f3lo cuatro a\u00f1os m\u00e1s tarde, la Argentina qued\u00f3 relegada a la posici\u00f3n n\u00famero 11, por detr\u00e1s no s\u00f3lo de Uruguay -pa\u00eds que tiene la d\u00e9cima parte de cabezas-, sino tambi\u00e9n de naciones sin grandes antecedentes, como Paraguay o M\u00e9xico.<\/p>\n<p>El a\u00f1o actual no viene mejor, los env\u00edos al mundo totalizaron en el primer bimestre apenas u$s 33,7 millones, el peor registro desde 2002.<\/p>\n<p align=\"justify\">Fuente:\u00a0<a title=\"\u00c1mbito Financiero\" href=\"http:\/\/www.ambito.com\/\">\u00c1mbito Financiero<\/a><\/p>\n<\/div>\n","protected":false},"excerpt":{"rendered":"<p>\u00abEl pa\u00eds no consume soja; se alent\u00f3 su producci\u00f3n porque no genera tensi\u00f3n con el abastecimiento dom\u00e9stico\u00bb, dijo Marcelo Elizondo.<\/p>\n","protected":false},"author":5,"featured_media":0,"comment_status":"open","ping_status":"open","sticky":false,"template":"","format":"standard","meta":[],"categories":[42],"tags":[936,937,198,2407],"_links":{"self":[{"href":"http:\/\/rurallascolonias.com.ar\/index.php?rest_route=\/wp\/v2\/posts\/2448"}],"collection":[{"href":"http:\/\/rurallascolonias.com.ar\/index.php?rest_route=\/wp\/v2\/posts"}],"about":[{"href":"http:\/\/rurallascolonias.com.ar\/index.php?rest_route=\/wp\/v2\/types\/post"}],"author":[{"embeddable":true,"href":"http:\/\/rurallascolonias.com.ar\/index.php?rest_route=\/wp\/v2\/users\/5"}],"replies":[{"embeddable":true,"href":"http:\/\/rurallascolonias.com.ar\/index.php?rest_route=%2Fwp%2Fv2%2Fcomments&post=2448"}],"version-history":[{"count":1,"href":"http:\/\/rurallascolonias.com.ar\/index.php?rest_route=\/wp\/v2\/posts\/2448\/revisions"}],"predecessor-version":[{"id":2450,"href":"http:\/\/rurallascolonias.com.ar\/index.php?rest_route=\/wp\/v2\/posts\/2448\/revisions\/2450"}],"wp:attachment":[{"href":"http:\/\/rurallascolonias.com.ar\/index.php?rest_route=%2Fwp%2Fv2%2Fmedia&parent=2448"}],"wp:term":[{"taxonomy":"category","embeddable":true,"href":"http:\/\/rurallascolonias.com.ar\/index.php?rest_route=%2Fwp%2Fv2%2Fcategories&post=2448"},{"taxonomy":"post_tag","embeddable":true,"href":"http:\/\/rurallascolonias.com.ar\/index.php?rest_route=%2Fwp%2Fv2%2Ftags&post=2448"}],"curies":[{"name":"wp","href":"https:\/\/api.w.org\/{rel}","templated":true}]}}