{"id":2436,"date":"2014-05-13T12:14:18","date_gmt":"2014-05-13T12:14:18","guid":{"rendered":"http:\/\/rurallascolonias.com.ar\/?p=2436"},"modified":"2014-05-13T12:14:18","modified_gmt":"2014-05-13T12:14:18","slug":"la-industria-frigorifica-a-la-cabeza-de-los-despidos","status":"publish","type":"post","link":"http:\/\/rurallascolonias.com.ar\/?p=2436","title":{"rendered":"LA INDUSTRIA FRIGOR\u00cdFICA A LA CABEZA DE LOS DESPIDOS"},"content":{"rendered":"<p><span style=\"color: #333333;\"><a href=\"http:\/\/rurallascolonias.com.ar\/wp-content\/uploads\/2014\/03\/carne-vacuna-3.jpg\"><img loading=\"lazy\" class=\"aligncenter size-full wp-image-1916\" src=\"http:\/\/rurallascolonias.com.ar\/wp-content\/uploads\/2014\/03\/carne-vacuna-3.jpg\" alt=\"carne vacuna 3\" width=\"256\" height=\"197\" \/><\/a>Entre suspensiones y despidos es el cuarto mes del a\u00f1o que suma una importante ca\u00edda en los \u00edndices de empleo. El sector automotriz es el caso m\u00e1s conocido pero no es el \u00fanico<\/span><!--more--><\/p>\n<div class=\"vsmcontent\" style=\"color: #333333;\">\n<p style=\"color: #333333;\"><b>Un informe privado revel\u00f3 que s\u00f3lo en abril se registraron 3.361 despidos, n\u00famero que se traduce en un 80 por ciento m\u00e1s de personas que se quedaron sin trabajo en relaci\u00f3n a la misma \u00e9poca de 2.013.\u00a0<\/b>Lo m\u00e1s preocupante es que ciertas mediciones indican que esta tendencia se acentuar\u00e1 en los pr\u00f3ximos meses.<\/p>\n<p>Seg\u00fan inform\u00f3 Tendencias Econ\u00f3micas : \u00abEn el primer cuatrimestre, la conflictividad laboral experiment\u00f3 un pronunciado aumento, que se localiz\u00f3 principalmente en los despidos y las suspensiones, comportamiento asociado con la marcada reducci\u00f3n del nivel de actividad econ\u00f3mica y de las exportaciones\u00bb.<\/p>\n<p><b>Del informe de esta consultora se desprende que s\u00f3lo en el mes de abril se registraron 3361 despidos, 80% m\u00e1s que en el mismo mes de 2013.<\/b><\/p>\n<p><b>Los despidos se centraron, principalmente, en dos sectores: la industria frigor\u00edfica y la miner\u00eda.<\/b><\/p>\n<p>A prop\u00f3sito, Jos\u00e9 Luis Blanco, director de Tendencias Econ\u00f3micas, explic\u00f3 que los m\u00e1s de 2000 despidos registrados en la industria frigor\u00edfica en lo que va del a\u00f1o se relacionan con la ca\u00edda en las exportaciones de carne.<\/p>\n<p><b>El mismo informe revela que durante el mes pasado la minera Barrick despidi\u00f3 a 1900 personas.\u00a0Sin embargo en la empresa discreparon sobre ese n\u00famero y aseguraron que no se trat\u00f3 de despidos, sino que, a causa de \u00abla desaceleraci\u00f3n temporal en la construcci\u00f3n del proyecto Pascua Lama\u00bb, no se ha renovado el contrato a las personas empleadas en las obras que se van terminando.<\/b><\/p>\n<p>Otros sectores donde aumentaron los despidos son la industria de la madera, la metal\u00fargica, la del transporte, la automotriz y la construcci\u00f3n. La destrucci\u00f3n del empleo en ese sector ya hab\u00eda sido resaltada en el \u00faltimo informe del Instituto de Estad\u00edstica y Registro de la Industria de la Construcci\u00f3n (Ieric), seg\u00fan el cual en febrero se observ\u00f3 \u00abuna aceleraci\u00f3n de la tasa de contracci\u00f3n interanual\u00bb del empleo registrado en esa actividad (cay\u00f3 1,9% interanual).<\/p>\n<p>Seg\u00fan la \u00faltima Encuesta de Indicadores Laborales (EIL) del Ministerio de Trabajo, en el primer trimestre de 2014 el empleo registrado en la construcci\u00f3n cay\u00f3 6,3 por ciento.<\/p>\n<p><b>La encuesta del Ministerio que conduce Carlos Tomada presenta otro dato que refleja la cr\u00edtica actualidad del mercado laboral. En febrero y marzo (\u00faltimo dato disponible), la tasa de salida de personal, que muestra la relaci\u00f3n entre el n\u00famero de desvinculaciones y el empleo total, fue mayor que la tasa de entrada (el porcentaje de las nuevas incorporaciones respecto del empleo total). Es decir, en febrero y marzo el n\u00famero de personas que salieron del mercado formal de trabajo fue mayor que el de los que encontraron un empleo en blanco.<\/b><\/p>\n<p>M\u00e1s all\u00e1 de los despidos que ya se han registrado hasta ahora, estas medidas podr\u00edan continuar en los pr\u00f3ximos meses. Seg\u00fan la \u00faltima encuesta sobre gesti\u00f3n de recursos humanos de SEL Consultores, el 15% de las compa\u00f1\u00edas l\u00edderes del pa\u00eds esperan reducir su dotaci\u00f3n en los pr\u00f3ximos meses. Un a\u00f1o atr\u00e1s, apenas el 8% proyectaba hacerlo.<\/p>\n<\/div>\n<div class=\"copyright\" style=\"color: #333333;\">\n<div class=\"author\">Mdz<\/div>\n<\/div>\n<div class=\"sharecontent\" style=\"color: #333333;\">\n<div id=\"fb-root\" class=\" fb_reset\" style=\"color: #000000;\">\n<div><\/div>\n<\/div>\n<\/div>\n","protected":false},"excerpt":{"rendered":"<p>Entre suspensiones y despidos es el cuarto mes del a\u00f1o que suma una importante ca\u00edda en los \u00edndices de empleo. El sector automotriz es el caso m\u00e1s conocido pero no es el \u00fanico<\/p>\n","protected":false},"author":5,"featured_media":0,"comment_status":"open","ping_status":"open","sticky":false,"template":"","format":"standard","meta":[],"categories":[42],"tags":[934,933],"_links":{"self":[{"href":"http:\/\/rurallascolonias.com.ar\/index.php?rest_route=\/wp\/v2\/posts\/2436"}],"collection":[{"href":"http:\/\/rurallascolonias.com.ar\/index.php?rest_route=\/wp\/v2\/posts"}],"about":[{"href":"http:\/\/rurallascolonias.com.ar\/index.php?rest_route=\/wp\/v2\/types\/post"}],"author":[{"embeddable":true,"href":"http:\/\/rurallascolonias.com.ar\/index.php?rest_route=\/wp\/v2\/users\/5"}],"replies":[{"embeddable":true,"href":"http:\/\/rurallascolonias.com.ar\/index.php?rest_route=%2Fwp%2Fv2%2Fcomments&post=2436"}],"version-history":[{"count":1,"href":"http:\/\/rurallascolonias.com.ar\/index.php?rest_route=\/wp\/v2\/posts\/2436\/revisions"}],"predecessor-version":[{"id":2437,"href":"http:\/\/rurallascolonias.com.ar\/index.php?rest_route=\/wp\/v2\/posts\/2436\/revisions\/2437"}],"wp:attachment":[{"href":"http:\/\/rurallascolonias.com.ar\/index.php?rest_route=%2Fwp%2Fv2%2Fmedia&parent=2436"}],"wp:term":[{"taxonomy":"category","embeddable":true,"href":"http:\/\/rurallascolonias.com.ar\/index.php?rest_route=%2Fwp%2Fv2%2Fcategories&post=2436"},{"taxonomy":"post_tag","embeddable":true,"href":"http:\/\/rurallascolonias.com.ar\/index.php?rest_route=%2Fwp%2Fv2%2Ftags&post=2436"}],"curies":[{"name":"wp","href":"https:\/\/api.w.org\/{rel}","templated":true}]}}