{"id":2434,"date":"2014-05-13T12:10:39","date_gmt":"2014-05-13T12:10:39","guid":{"rendered":"http:\/\/rurallascolonias.com.ar\/?p=2434"},"modified":"2014-05-13T12:10:39","modified_gmt":"2014-05-13T12:10:39","slug":"tamberos-piden-ayuda-por-inundaciones","status":"publish","type":"post","link":"http:\/\/rurallascolonias.com.ar\/?p=2434","title":{"rendered":"TAMBEROS PIDEN AYUDA POR INUNDACIONES"},"content":{"rendered":"<p><strong><em><a href=\"http:\/\/rurallascolonias.com.ar\/wp-content\/uploads\/2014\/04\/f\u00e1brica-orde\u00f1adora.jpg\"><img loading=\"lazy\" class=\"aligncenter size-full wp-image-2182\" src=\"http:\/\/rurallascolonias.com.ar\/wp-content\/uploads\/2014\/04\/f\u00e1brica-orde\u00f1adora.jpg\" alt=\"f\u00e1brica orde\u00f1adora\" width=\"290\" height=\"174\" \/><\/a><span style=\"font-weight: normal; font-style: normal; color: #656565;\">Son cercanos al gobierno. Advierten la falta de convocatoria y piden ayuda por las \u00faltimas inundaciones.<\/span><\/em><\/strong><!--more--><\/p>\n<p><span style=\"color: #656565;\">Un grupo de c\u00e1maras de tamberos cercanos al Gobierno decidi\u00f3 hacer un fuerte llamado de atenci\u00f3n al Ministerio de Agricultura por la falta de convocatoria a una mesa sectorial y la ausencia de respuestas a una ayuda crediticia para los productores afectados por las inundaciones y anegamientos en C\u00f3rdoba y en Santa Fe.<\/span><br style=\"color: #656565;\" \/><br style=\"color: #656565;\" \/><span style=\"color: #656565;\">Desde 2008, y a contramano de la tensi\u00f3n permanente entre las entidades del agro con el kirchnerismo, los referentes de las c\u00e1maras tamberas de Santa Fe y C\u00f3rdoba, a los que luego se sumaron sus colegas de La Pampa y, en el \u00faltimo tiempo, la Mesa Entrerriana de Tamberos, entablaron un di\u00e1logo directo con el Gobierno. Lograron llegada al despacho del ex secretario de Comercio Interior, Guillermo Moreno, de quien obtuvieron ayuda varias veces. Por ese v\u00ednculo, en las entidades ruralistas enfrentadas con el Gobierno comenzaron a identificar a ese grupo como los tamberos K.<\/span><br style=\"color: #656565;\" \/><br style=\"color: #656565;\" \/><span style=\"color: #656565;\">Ellos siguieron igual adelante, pero ahora est\u00e1n impacientes. Hace 42 d\u00edas se reunieron con el ministro de Agricultura, Carlos Casamiquela, con quien acordaron convocar a una mesa sectorial para abordar diversas problem\u00e1ticas con los empresarios y otras entidades. Luego, el 8 abril, le solicitaron al funcionario mediante una nota aportes crediticios para los tamberos en zonas que hubieran sufrido inundaciones. Hasta ahora no tuvieron respuestas.<\/span><br style=\"color: #656565;\" \/><br style=\"color: #656565;\" \/><span style=\"color: #656565;\">La semana pasada, en otra nota, con copia al subsecretario de Lecher\u00eda, Arturo Videla, los tamberos le reclamaron a Casamiquela que la mesa sectorial fuera convocada \u00abde manera urgente\u00bb. Al respecto, Marcelo Aimaro, presidente de la Mesa de Productores de Leche de Santa Fe (Meprolsafe), dijo que el sector necesita una reuni\u00f3n no s\u00f3lo para abordar cuestiones propias de la actividad, sino por el dif\u00edcil panorama tras las inundaciones, que requiere atenci\u00f3n.<\/span><br style=\"color: #656565;\" \/><br style=\"color: #656565;\" \/><span style=\"color: #656565;\">\u00abCon el desastre clim\u00e1tico que hubo, hoy la producci\u00f3n est\u00e1 en el piso. Los tambos, en el mejor de los casos, est\u00e1n 40 por ciento abajo en su producci\u00f3n en toda la cuenca lechera de las provincias de Santa Fe y C\u00f3rdoba\u00bb, afirm\u00f3 Aimaro.<\/span><br style=\"color: #656565;\" \/><br style=\"color: #656565;\" \/><span style=\"color: #656565;\">seg\u00fan public\u00f3 La Naci\u00f3n, el dirigente tambero agreg\u00f3: \u00abDespu\u00e9s de las inundaciones, le pedimos al ministro una ayuda econ\u00f3mica. Todav\u00eda no tenemos una respuesta en un papel o que nos hayan convocado. Pedimos cr\u00e9ditos a una tasa razonable para los productores que est\u00e1n muy comprometidos\u00bb. Aimaro tambi\u00e9n puntualiz\u00f3 que existen \u00abproblemas estructurales de caminos\u00bb para sacar la producci\u00f3n.<\/span><br style=\"color: #656565;\" \/><br style=\"color: #656565;\" \/><span style=\"color: #656565;\">En tanto, Diego Manavella, presidente de la C\u00e1mara de Productores de Leche de C\u00f3rdoba, expres\u00f3: \u00abQuedamos en conformar esa mesa que hace dos a\u00f1os no se lleva adelante y queremos que eso se agilice\u00bb. El dirigente cordob\u00e9s tambi\u00e9n consider\u00f3 que la producci\u00f3n \u00abest\u00e1 necesitada de asistencia\u00bb.<\/span><br style=\"color: #656565;\" \/><br style=\"color: #656565;\" \/><span style=\"color: #656565;\">\u00abHay que buscar una ayuda para la gente que tuvo que desalojar los campos [como consecuencia de las inundaciones] y ahora tiene que volver a organizar su producci\u00f3n\u00bb, precis\u00f3.<\/span><br style=\"color: #656565;\" \/><br style=\"color: #656565;\" \/><span style=\"color: #656565;\">Manavella valor\u00f3, no obstante, que el gobierno nacional ya hubiera destinado en C\u00f3rdoba $ 3 millones para reparaci\u00f3n de caminos mientras que \u00abno tuvimos respuestas a nivel provincial\u00bb. Desde la c\u00e1mara tambera de La Pampa, Alfredo El\u00e9spuru tambi\u00e9n pidi\u00f3 una reuni\u00f3n, y cuestion\u00f3: \u00abNo hay soluciones a los problemas\u00bb.<\/span><\/p>\n<p>Fuente: Infocampo<\/p>\n","protected":false},"excerpt":{"rendered":"<p>Son cercanos al gobierno. Advierten la falta de convocatoria y piden ayuda por las \u00faltimas inundaciones.<\/p>\n","protected":false},"author":5,"featured_media":0,"comment_status":"open","ping_status":"open","sticky":false,"template":"","format":"standard","meta":[],"categories":[46],"tags":[684,523,227],"_links":{"self":[{"href":"http:\/\/rurallascolonias.com.ar\/index.php?rest_route=\/wp\/v2\/posts\/2434"}],"collection":[{"href":"http:\/\/rurallascolonias.com.ar\/index.php?rest_route=\/wp\/v2\/posts"}],"about":[{"href":"http:\/\/rurallascolonias.com.ar\/index.php?rest_route=\/wp\/v2\/types\/post"}],"author":[{"embeddable":true,"href":"http:\/\/rurallascolonias.com.ar\/index.php?rest_route=\/wp\/v2\/users\/5"}],"replies":[{"embeddable":true,"href":"http:\/\/rurallascolonias.com.ar\/index.php?rest_route=%2Fwp%2Fv2%2Fcomments&post=2434"}],"version-history":[{"count":1,"href":"http:\/\/rurallascolonias.com.ar\/index.php?rest_route=\/wp\/v2\/posts\/2434\/revisions"}],"predecessor-version":[{"id":2435,"href":"http:\/\/rurallascolonias.com.ar\/index.php?rest_route=\/wp\/v2\/posts\/2434\/revisions\/2435"}],"wp:attachment":[{"href":"http:\/\/rurallascolonias.com.ar\/index.php?rest_route=%2Fwp%2Fv2%2Fmedia&parent=2434"}],"wp:term":[{"taxonomy":"category","embeddable":true,"href":"http:\/\/rurallascolonias.com.ar\/index.php?rest_route=%2Fwp%2Fv2%2Fcategories&post=2434"},{"taxonomy":"post_tag","embeddable":true,"href":"http:\/\/rurallascolonias.com.ar\/index.php?rest_route=%2Fwp%2Fv2%2Ftags&post=2434"}],"curies":[{"name":"wp","href":"https:\/\/api.w.org\/{rel}","templated":true}]}}