{"id":2415,"date":"2014-05-12T17:48:26","date_gmt":"2014-05-12T17:48:26","guid":{"rendered":"http:\/\/rurallascolonias.com.ar\/?p=2415"},"modified":"2014-05-12T17:48:26","modified_gmt":"2014-05-12T17:48:26","slug":"este-miercoles-cra-presenta-su-congreso-de-gualeguaychu","status":"publish","type":"post","link":"http:\/\/rurallascolonias.com.ar\/?p=2415","title":{"rendered":"ESTE MI\u00c9RCOLES CRA PRESENTA SU CONGRESO DE GUALEGUAYCH\u00da"},"content":{"rendered":"<p><strong><em><a href=\"http:\/\/rurallascolonias.com.ar\/wp-content\/uploads\/2014\/04\/CONGRESO-CRA2.jpg\"><img loading=\"lazy\" class=\"aligncenter wp-image-2298 size-medium\" src=\"http:\/\/rurallascolonias.com.ar\/wp-content\/uploads\/2014\/04\/CONGRESO-CRA2-300x147.jpg\" alt=\"CONGRESO CRA\" width=\"300\" height=\"147\" srcset=\"http:\/\/rurallascolonias.com.ar\/wp-content\/uploads\/2014\/04\/CONGRESO-CRA2-300x147.jpg 300w, http:\/\/rurallascolonias.com.ar\/wp-content\/uploads\/2014\/04\/CONGRESO-CRA2-600x294.jpg 600w, http:\/\/rurallascolonias.com.ar\/wp-content\/uploads\/2014\/04\/CONGRESO-CRA2-624x306.jpg 624w, http:\/\/rurallascolonias.com.ar\/wp-content\/uploads\/2014\/04\/CONGRESO-CRA2.jpg 631w\" sizes=\"(max-width: 300px) 100vw, 300px\" \/><\/a><span style=\"font-weight: normal; font-style: normal; color: #333333;\">A las 17 horas en la sede de CRA.<\/span><\/em><\/strong><\/p>\n<p id=\"yui_3_16_0_1_1399851543305_20041\" class=\"yiv1653973669MsoNormal\" style=\"color: #000000;\"><span id=\"yui_3_16_0_1_1399851543305_20045\" lang=\"ES-AR\"><span id=\"yui_3_16_0_1_1399851543305_20044\" style=\"color: #000000;\"><span id=\"yui_3_16_0_1_1399851543305_20043\" style=\"font-size: medium;\">Este mi\u00e9rcoles 14 de mayo a las 17 horas en la sede de CRA, M\u00e9xico 628 piso 2,\u00a0Confederaciones Rurales Argentinas presenta\u00a0la edici\u00f3n\u00a02014\u00a0de su\u00a0Congreso\u00a0anual y nacional\u00a0que se desarrollar\u00e1 en la ciudad de Gualeguaych\u00fa, Entre R\u00edos, los d\u00edas 30 y 31 de mayo.<\/span><\/span><\/span><!--more--><\/p>\n<p id=\"yui_3_16_0_1_1399851543305_20089\" class=\"yiv1653973669MsoNormal\" style=\"color: #000000;\">\n<p id=\"yui_3_16_0_1_1399851543305_20039\" class=\"yiv1653973669MsoNormal\" style=\"color: #000000;\"><span id=\"yui_3_16_0_1_1399851543305_20049\" lang=\"ES-AR\"><span id=\"yui_3_16_0_1_1399851543305_20048\" style=\"color: #000000;\"><span id=\"yui_3_16_0_1_1399851543305_20047\" style=\"font-size: medium;\">Entre otras autoridades y dirigentes de todo el pa\u00eds estar\u00e1n presentes en la presentaci\u00f3n el presidente de CRA, Rub\u00e9n Ferrero, el titular de\u00a0la Federaci\u00f3n\u00a0de Asociaciones Rurales de Entre R\u00edos (Farer), Jorge Chemes, y el presidente de\u00a0la Sociedad\u00a0Rural\u00a0de Gualeguaych\u00fa, Javier Melchiori.<\/span><\/span><\/span><\/p>\n<p class=\"yiv1653973669MsoNormal\" style=\"color: #000000;\">\n<p id=\"yui_3_16_0_1_1399851543305_20037\" class=\"yiv1653973669MsoNormal\" style=\"color: #000000;\"><span id=\"yui_3_16_0_1_1399851543305_20053\" lang=\"ES-AR\"><span id=\"yui_3_16_0_1_1399851543305_20052\" style=\"color: #000000;\"><span id=\"yui_3_16_0_1_1399851543305_20051\" style=\"font-size: medium;\">Adem\u00e1s en el contexto de la conferencia de prensa, j\u00f3venes integrantes del Ateneo de\u00a0la Sociedad\u00a0Rural\u00a0Salte\u00f1a presentar\u00e1n el pr\u00f3ximo Congreso de J\u00f3venes Atene\u00edstas confederados que se realizar\u00e1 el 11 y 12 de octubre en la ciudad de Salta.<\/span><\/span><\/span><\/p>\n<p id=\"yui_3_16_0_1_1399851543305_20082\" class=\"yiv1653973669MsoNormal\" style=\"color: #000000;\">\n<p class=\"yiv1653973669MsoNormal\" style=\"color: #000000;\">\n<p id=\"yui_3_16_0_1_1399851543305_20100\" class=\"yiv1653973669MsoNormal\" style=\"color: #000000;\"><b id=\"yui_3_16_0_1_1399851543305_20099\"><span id=\"yui_3_16_0_1_1399851543305_20098\" lang=\"ES-AR\"><span id=\"yui_3_16_0_1_1399851543305_20097\" style=\"color: #000000;\"><span id=\"yui_3_16_0_1_1399851543305_20096\" style=\"font-size: medium;\">CRA firma convenio con Fada<\/span><\/span><\/span><\/b><\/p>\n<p id=\"yui_3_16_0_1_1399851543305_20084\" class=\"yiv1653973669MsoNormal\" style=\"color: #000000;\">\n<p id=\"yui_3_16_0_1_1399851543305_20080\" class=\"yiv1653973669MsoNormal\" style=\"color: #000000;\"><span id=\"yui_3_16_0_1_1399851543305_20079\" style=\"color: #000000;\"><span id=\"yui_3_16_0_1_1399851543305_20078\" style=\"font-size: medium;\"><span id=\"yui_3_16_0_1_1399851543305_20077\" lang=\"ES-AR\">Confederaciones Rurales Argentinas firmar\u00e1 junto a\u00a0la\u00a0<span lang=\"ES\">Fundaci\u00f3n Agropecuaria<\/span><span id=\"yui_3_16_0_1_1399851543305_20140\" lang=\"ES\">\u00a0para el Desarrollo de Argentina (FADA) un acuerdo de\u00a0<\/span><\/span><span id=\"yui_3_16_0_1_1399851543305_20138\">colaboraci\u00f3n mutua destinado a actividades de investigaci\u00f3n, extensi\u00f3n, asistencia t\u00e9cnica, dise\u00f1o de pol\u00edticas p\u00fablicas, difusi\u00f3n y promoci\u00f3n.<\/span><\/span><\/span><\/p>\n<p id=\"yui_3_16_0_1_1399851543305_20136\" class=\"yiv1653973669MsoNormal\" style=\"color: #000000;\">\n<p id=\"yui_3_16_0_1_1399851543305_20124\" class=\"yiv1653973669MsoNormal\" style=\"color: #000000;\"><b id=\"yui_3_16_0_1_1399851543305_20123\"><span id=\"yui_3_16_0_1_1399851543305_20122\"><span id=\"yui_3_16_0_1_1399851543305_20121\" style=\"color: #000000;\"><span id=\"yui_3_16_0_1_1399851543305_20120\" style=\"font-size: medium;\">Luego de la conferencia de prensa Confederaciones Rurales Argentinas brindar\u00e1 un agasajo a los presentes.<\/span><\/span><\/span><\/b><\/p>\n<p class=\"yiv1653973669MsoNormal\" style=\"color: #000000;\">comunicado de prensa CRA<\/p>\n<p id=\"yui_3_16_0_1_1399851543305_20118\" class=\"yiv1653973669MsoNormal\" style=\"color: #000000;\"><b><\/b><\/p>\n<p id=\"yui_3_16_0_1_1399851543305_20116\" class=\"yiv1653973669MsoNormal\" style=\"color: #000000;\">\n","protected":false},"excerpt":{"rendered":"<p>A las 17 horas en la sede de CRA. Este mi\u00e9rcoles 14 de mayo a las 17 horas en la sede de CRA, M\u00e9xico 628 piso 2,\u00a0Confederaciones Rurales Argentinas presenta\u00a0la edici\u00f3n\u00a02014\u00a0de su\u00a0Congreso\u00a0anual y nacional\u00a0que se desarrollar\u00e1 en la ciudad de Gualeguaych\u00fa, Entre R\u00edos, los d\u00edas 30 y 31 de mayo.<\/p>\n","protected":false},"author":5,"featured_media":0,"comment_status":"open","ping_status":"open","sticky":false,"template":"","format":"standard","meta":[],"categories":[29],"tags":[443,399],"_links":{"self":[{"href":"http:\/\/rurallascolonias.com.ar\/index.php?rest_route=\/wp\/v2\/posts\/2415"}],"collection":[{"href":"http:\/\/rurallascolonias.com.ar\/index.php?rest_route=\/wp\/v2\/posts"}],"about":[{"href":"http:\/\/rurallascolonias.com.ar\/index.php?rest_route=\/wp\/v2\/types\/post"}],"author":[{"embeddable":true,"href":"http:\/\/rurallascolonias.com.ar\/index.php?rest_route=\/wp\/v2\/users\/5"}],"replies":[{"embeddable":true,"href":"http:\/\/rurallascolonias.com.ar\/index.php?rest_route=%2Fwp%2Fv2%2Fcomments&post=2415"}],"version-history":[{"count":1,"href":"http:\/\/rurallascolonias.com.ar\/index.php?rest_route=\/wp\/v2\/posts\/2415\/revisions"}],"predecessor-version":[{"id":2416,"href":"http:\/\/rurallascolonias.com.ar\/index.php?rest_route=\/wp\/v2\/posts\/2415\/revisions\/2416"}],"wp:attachment":[{"href":"http:\/\/rurallascolonias.com.ar\/index.php?rest_route=%2Fwp%2Fv2%2Fmedia&parent=2415"}],"wp:term":[{"taxonomy":"category","embeddable":true,"href":"http:\/\/rurallascolonias.com.ar\/index.php?rest_route=%2Fwp%2Fv2%2Fcategories&post=2415"},{"taxonomy":"post_tag","embeddable":true,"href":"http:\/\/rurallascolonias.com.ar\/index.php?rest_route=%2Fwp%2Fv2%2Ftags&post=2415"}],"curies":[{"name":"wp","href":"https:\/\/api.w.org\/{rel}","templated":true}]}}