{"id":2408,"date":"2014-05-11T14:51:41","date_gmt":"2014-05-11T14:51:41","guid":{"rendered":"http:\/\/rurallascolonias.com.ar\/?p=2408"},"modified":"2014-05-11T14:51:41","modified_gmt":"2014-05-11T14:51:41","slug":"casamiquela-convoco-a-adaptar-la-agricultura-al-cambio-climatico","status":"publish","type":"post","link":"http:\/\/rurallascolonias.com.ar\/?p=2408","title":{"rendered":"CASAMIQUELA CONVOC\u00d3 A \u201cadaptar la agricultura al cambio clim\u00e1tico\u201d"},"content":{"rendered":"<p><span style=\"color: #656565;\"><a href=\"http:\/\/rurallascolonias.com.ar\/wp-content\/uploads\/2014\/01\/CASAMIQUELA-2.jpg\"><img loading=\"lazy\" class=\"alignleft size-full wp-image-769\" src=\"http:\/\/rurallascolonias.com.ar\/wp-content\/uploads\/2014\/01\/CASAMIQUELA-2.jpg\" alt=\"CASAMIQUELA  2\" width=\"300\" height=\"168\" \/><\/a>El ministro de Agricultura pidi\u00f3 \u00abgarantizar la seguridad alimentaria\u00bb, durante la 33\u00ba Conferencia Regional de la FAO para Am\u00e9rica Latina y el Caribe que se realiza en Santiago de Chile.<\/span><!--more--><\/p>\n<p style=\"color: #656565;\">El ministro de Agricultura, Carlos Casamiquela, convoc\u00f3 a los pa\u00edses de la regi\u00f3n a \u00abadaptar la agricultura al cambio clim\u00e1tico y garantizar la seguridad alimentaria\u00bb, durante la 33\u00ba Conferencia Regional de la FAO para Am\u00e9rica Latina y el Caribe que se realiza en Santiago de Chile, seg\u00fan public\u00f3 T\u00e9lam.<\/p>\n<p style=\"color: #656565;\">\u00abDebemos incrementar la cooperaci\u00f3n internacional para adaptar la agricultura al cambio clim\u00e1tico\u00bb, exhort\u00f3 el ministro.<\/p>\n<p style=\"color: #656565;\">Asimismo, consider\u00f3 \u00abnecesario asegurar que lo suelos se conserven f\u00e9rtiles y productivos, ya que los mismos constituyen la base del desarrollo agr\u00edcola, y en consecuencia, de la seguridad alimentaria mundial\u00bb.<\/p>\n<p style=\"color: #656565;\">Al respecto, record\u00f3 que en el 38\u00ba per\u00edodo de sesiones de la conferencia de la FAO los pa\u00edses apoyaron la creaci\u00f3n de la Alianza Mundial sobre los suelos, como iniciativa voluntaria destinada a \u00abmejorar la gobernanza de este recurso heterog\u00e9neo, limitado y estrat\u00e9gico\u00bb.<\/p>\n<p style=\"color: #656565;\">Casamiquela y funcionarios del gabinete del Ministerio mantuvieron reuniones bilaterales con Chile, Venezuela, Hait\u00ed y con el Director General de la FAO, Graziano Da Silva, con el fin de promover la cooperaci\u00f3n Sur-Sur y fortalecer la agricultura familiar como estrategia para \u00abla mayor producci\u00f3n de alimentos y de lucha contra la pobreza\u00bb.<\/p>\n<p style=\"color: #656565;\">La comitiva nacional estuvo integrada por los secretarios de Agricultura, Ganader\u00eda y Pesca, Gabriel Delgado; de Desarrollo Rural y Agricultura Familiar, Carla Campos Bilbao; de Coordinaci\u00f3n Pol\u00edtico Institucional y Emergencia Agropecuaria, Javier Rodr\u00edguez, entre otros.<\/p>\n<p style=\"color: #656565;\">Fuente: Infocampo<\/p>\n","protected":false},"excerpt":{"rendered":"<p>El ministro de Agricultura pidi\u00f3 \u00abgarantizar la seguridad alimentaria\u00bb, durante la 33\u00ba Conferencia Regional de la FAO para Am\u00e9rica Latina y el Caribe que se realiza en Santiago de Chile.<\/p>\n","protected":false},"author":5,"featured_media":0,"comment_status":"open","ping_status":"open","sticky":false,"template":"","format":"standard","meta":[],"categories":[14],"tags":[924,925,22,484,23],"_links":{"self":[{"href":"http:\/\/rurallascolonias.com.ar\/index.php?rest_route=\/wp\/v2\/posts\/2408"}],"collection":[{"href":"http:\/\/rurallascolonias.com.ar\/index.php?rest_route=\/wp\/v2\/posts"}],"about":[{"href":"http:\/\/rurallascolonias.com.ar\/index.php?rest_route=\/wp\/v2\/types\/post"}],"author":[{"embeddable":true,"href":"http:\/\/rurallascolonias.com.ar\/index.php?rest_route=\/wp\/v2\/users\/5"}],"replies":[{"embeddable":true,"href":"http:\/\/rurallascolonias.com.ar\/index.php?rest_route=%2Fwp%2Fv2%2Fcomments&post=2408"}],"version-history":[{"count":1,"href":"http:\/\/rurallascolonias.com.ar\/index.php?rest_route=\/wp\/v2\/posts\/2408\/revisions"}],"predecessor-version":[{"id":2409,"href":"http:\/\/rurallascolonias.com.ar\/index.php?rest_route=\/wp\/v2\/posts\/2408\/revisions\/2409"}],"wp:attachment":[{"href":"http:\/\/rurallascolonias.com.ar\/index.php?rest_route=%2Fwp%2Fv2%2Fmedia&parent=2408"}],"wp:term":[{"taxonomy":"category","embeddable":true,"href":"http:\/\/rurallascolonias.com.ar\/index.php?rest_route=%2Fwp%2Fv2%2Fcategories&post=2408"},{"taxonomy":"post_tag","embeddable":true,"href":"http:\/\/rurallascolonias.com.ar\/index.php?rest_route=%2Fwp%2Fv2%2Ftags&post=2408"}],"curies":[{"name":"wp","href":"https:\/\/api.w.org\/{rel}","templated":true}]}}