{"id":2383,"date":"2014-05-08T10:28:08","date_gmt":"2014-05-08T10:28:08","guid":{"rendered":"http:\/\/rurallascolonias.com.ar\/?p=2383"},"modified":"2014-05-08T10:28:08","modified_gmt":"2014-05-08T10:28:08","slug":"para-cra-los-productores-de-trigo-siguen-siendo-ninguneados","status":"publish","type":"post","link":"http:\/\/rurallascolonias.com.ar\/?p=2383","title":{"rendered":"PARA CRA, \u00ablos productores de trigo siguen siendo ninguneados\u00bb"},"content":{"rendered":"<p><span style=\"color: #656565;\"><a href=\"http:\/\/rurallascolonias.com.ar\/wp-content\/uploads\/2014\/02\/FERRERO-5.jpg\"><img loading=\"lazy\" class=\"alignleft size-full wp-image-1494\" src=\"http:\/\/rurallascolonias.com.ar\/wp-content\/uploads\/2014\/02\/FERRERO-5.jpg\" alt=\"FERRERO 5\" width=\"248\" height=\"156\" \/><\/a>\u00abLa pol\u00edtica triguera del Gobierno nacional lejos de brindar previsibilidad y transparencia, genera mayores riesgos y un desincentivo a la inversi\u00f3n en la siembra\u00bb, dijo la entidad que conduce Rub\u00e9n Ferrero.<\/span><!--more--><\/p>\n<p><span style=\"color: #656565;\">Confederaciones Rurales Argentinas (CRA) asegur\u00f3 que \u00abrechaza la profundizaci\u00f3n de la destructiva pol\u00edtica triguera oficial, anunciada\u00a0 por el Gobierno nacional con presencia de parte de la cadena triguera, donde establece, entre otras cuestiones, los precios m\u00e1ximos del trigo as\u00ed como mecanismos artificiales para controlar dichos precios. Las consecuencias de estas erradas medidas las volver\u00e1n a pagar las m\u00e1s de 200 localidades que producen trigo, los productores trigueros, los consumidores de pan y, por supuesto, el pa\u00eds en su conjunto\u00bb.<\/span><br style=\"color: #656565;\" \/><span style=\"color: #656565;\">\u00a0<\/span><br style=\"color: #656565;\" \/><span style=\"color: #656565;\">\u00abLa pol\u00edtica triguera del Gobierno nacional lejos de brindar previsibilidad y transparencia, genera mayores riesgos y un desincentivo a la inversi\u00f3n en la siembra. Las condiciones clim\u00e1ticas y de precios internacionales brindar\u00edan la posibilidad de incrementar el \u00e1rea en un 50%, sin embargo desde el Ejecutivo se conforman con continuar produciendo muy por debajo de este potencial, llevando a cabo una presi\u00f3n impositiva\u00a0 r\u00e9cord y la intervenci\u00f3n en el mercado reduciendo los precios que reciben los productores en al menos un 10%, seg\u00fan la informaci\u00f3n que brinda el propio Ministerio de Agricultura\u00bb, sostuvo la entidad conducida por Rub\u00e9n Ferrero.<\/span><br style=\"color: #656565;\" \/><span style=\"color: #656565;\">\u00a0<\/span><br style=\"color: #656565;\" \/><span style=\"color: #656565;\">En tanto, se\u00f1al\u00f3 que \u00abel propio Minagri quien no responde sobre el motivo por el cual el productor no recibe el precio FAS que le corresponde, siendo en consecuencia c\u00f3mplice silente del deterioro del valor de comercializaci\u00f3n que percibe el productor primario\u00bb.<\/span><br style=\"color: #656565;\" \/><span style=\"color: #656565;\">\u00a0<\/span><br style=\"color: #656565;\" \/><span style=\"color: #656565;\">\u00abPor \u00faltimo, Confederaciones Rurales Argentinas manifiesta que no ha sido convocada ni ha asistido a ninguna reuni\u00f3n para discutir y proponer una nueva pol\u00edtica triguera, transparente y previsible, que permita a la Argentina alcanzar su potencial de producci\u00f3n y recuperar los mercados internacionales\u00bb, agreg\u00f3 en un comunicado.<\/span><br style=\"color: #656565;\" \/><span style=\"color: #656565;\">\u00a0<\/span><br style=\"color: #656565;\" \/><span style=\"color: #656565;\">Y cerr\u00f3 pidiendo que \u00absepan los productores distinguir, en consecuencia, qui\u00e9nes quieren producir m\u00e1s y mejor y qui\u00e9nes quieren quedarse con su esfuerzo\u00bb.<\/span><\/p>\n<p>fuente: Infocampo<\/p>\n","protected":false},"excerpt":{"rendered":"<p>\u00abLa pol\u00edtica triguera del Gobierno nacional lejos de brindar previsibilidad y transparencia, genera mayores riesgos y un desincentivo a la inversi\u00f3n en la siembra\u00bb, dijo la entidad que conduce Rub\u00e9n Ferrero.<\/p>\n","protected":false},"author":5,"featured_media":0,"comment_status":"open","ping_status":"open","sticky":false,"template":"","format":"standard","meta":[],"categories":[33],"tags":[30,916,915,373],"_links":{"self":[{"href":"http:\/\/rurallascolonias.com.ar\/index.php?rest_route=\/wp\/v2\/posts\/2383"}],"collection":[{"href":"http:\/\/rurallascolonias.com.ar\/index.php?rest_route=\/wp\/v2\/posts"}],"about":[{"href":"http:\/\/rurallascolonias.com.ar\/index.php?rest_route=\/wp\/v2\/types\/post"}],"author":[{"embeddable":true,"href":"http:\/\/rurallascolonias.com.ar\/index.php?rest_route=\/wp\/v2\/users\/5"}],"replies":[{"embeddable":true,"href":"http:\/\/rurallascolonias.com.ar\/index.php?rest_route=%2Fwp%2Fv2%2Fcomments&post=2383"}],"version-history":[{"count":1,"href":"http:\/\/rurallascolonias.com.ar\/index.php?rest_route=\/wp\/v2\/posts\/2383\/revisions"}],"predecessor-version":[{"id":2384,"href":"http:\/\/rurallascolonias.com.ar\/index.php?rest_route=\/wp\/v2\/posts\/2383\/revisions\/2384"}],"wp:attachment":[{"href":"http:\/\/rurallascolonias.com.ar\/index.php?rest_route=%2Fwp%2Fv2%2Fmedia&parent=2383"}],"wp:term":[{"taxonomy":"category","embeddable":true,"href":"http:\/\/rurallascolonias.com.ar\/index.php?rest_route=%2Fwp%2Fv2%2Fcategories&post=2383"},{"taxonomy":"post_tag","embeddable":true,"href":"http:\/\/rurallascolonias.com.ar\/index.php?rest_route=%2Fwp%2Fv2%2Ftags&post=2383"}],"curies":[{"name":"wp","href":"https:\/\/api.w.org\/{rel}","templated":true}]}}