{"id":2352,"date":"2014-05-06T12:21:27","date_gmt":"2014-05-06T12:21:27","guid":{"rendered":"http:\/\/rurallascolonias.com.ar\/?p=2352"},"modified":"2014-05-06T12:21:27","modified_gmt":"2014-05-06T12:21:27","slug":"el-productor-de-trigo-necesita-usar-mas-quintales-de-su-produccion-para-hacer-frente-a-los-costos","status":"publish","type":"post","link":"http:\/\/rurallascolonias.com.ar\/?p=2352","title":{"rendered":"\u00abEl productor de trigo necesita usar m\u00e1s quintales de su producci\u00f3n para hacer frente a los costos \u00ab"},"content":{"rendered":"<p><span style=\"color: #656565;\"><a href=\"http:\/\/rurallascolonias.com.ar\/wp-content\/uploads\/2014\/05\/garetto.jpg\"><img loading=\"lazy\" class=\"alignleft size-full wp-image-2354\" src=\"http:\/\/rurallascolonias.com.ar\/wp-content\/uploads\/2014\/05\/garetto.jpg\" alt=\"garetto\" width=\"337\" height=\"149\" srcset=\"http:\/\/rurallascolonias.com.ar\/wp-content\/uploads\/2014\/05\/garetto.jpg 337w, http:\/\/rurallascolonias.com.ar\/wp-content\/uploads\/2014\/05\/garetto-300x132.jpg 300w\" sizes=\"(max-width: 337px) 100vw, 337px\" \/><\/a>El presidente de Coninagro, Carlos Garetto, asegur\u00f3 que \u00abel \u00fanico incentivo que puede haber para que el productor aumente el \u00e1rea de siembra de trigo, fuera de la zona n\u00facleo, son las condiciones clim\u00e1ticas que han dejado un buen perfil de humedad\u00bb<\/span><!--more--><\/p>\n<p><span style=\"color: #656565;\">\u00abEl \u00fanico incentivo que puede haber para que el productor aumente el \u00e1rea de siembra de trigo, fuera de la zona n\u00facleo, son las condiciones clim\u00e1ticas que han dejado un buen perfil de humedad\u201d expres\u00f3 el presidente de Coninagro, Carlos Garetto.<\/span><br style=\"color: #656565;\" \/><br style=\"color: #656565;\" \/><span style=\"color: #656565;\">En ese sentido agreg\u00f3 \u00aben la medida que el productor hoy no ve rentabilidad en la producci\u00f3n de trigo trata de alternar con otro tipo de agricultura\u201d. Recalc\u00f3 que los costos de producci\u00f3n est\u00e1n pisando fuerte sobre la producci\u00f3n, sobre todo el impositivo y financiero\u00bb.<\/span><br style=\"color: #656565;\" \/><br style=\"color: #656565;\" \/><span style=\"color: #656565;\">\u00abHoy el l\u00edmite de indiferencia para hacer frente al incremento de costos por insumos y a los impuestos, tanto nacionales como provinciales, est\u00e1 en el orden de los 3500 quintales de trigo, una cifra que no es f\u00e1cil de alcanzar\u201d, sostuvo.<\/span><br style=\"color: #656565;\" \/><br style=\"color: #656565;\" \/><span style=\"color: #656565;\">En dialogo con el programa Entre el campo y la ciudad, por Radio Colonia, Garetto sugiri\u00f3 \u201chay que eliminar totalmente las retenciones para que al productor tenga una ecuaci\u00f3n m\u00e1s equilibrada y subray\u00f3 , si el gobierno lo hiciera significar\u00eda aceptar la propuesta seria que ha hecho el sector productivo.<\/span><br style=\"color: #656565;\" \/><br style=\"color: #656565;\" \/><span style=\"color: #656565;\">\u00abEl productor peque\u00f1o y mediano est\u00e1 agobiado en cuanto a su capacidad contributiva\u00bb, ratific\u00f3 el presidente de Coninagro.<\/span><br style=\"color: #656565;\" \/><br style=\"color: #656565;\" \/><span style=\"color: #656565;\">Consultado por los productos que m\u00e1s restricciones han sufrido por parte del gobierno afirm\u00f3 que en el trigo se disminuy\u00f3 muy fuerte la producci\u00f3n, en tanto que la leche hace 9 a\u00f1os que se est\u00e1 dando vueltas en alrededor de 10 mil millones de litros cuando los dem\u00e1s pa\u00edses han crecido un 25%. \u201cHay algo que est\u00e1 fallando en la pol\u00edtica agropecuaria del gobierno\u201d.<\/span><br style=\"color: #656565;\" \/><br style=\"color: #656565;\" \/><span style=\"color: #656565;\">Sobre el accionar de los ministros de producci\u00f3n de C\u00f3rdoba, Santa Fe y Bs. As para acercar al sector con el ejecutivo nacional, respondi\u00f3, \u201cya se ha intentado pero me parece que no tiene m\u00e1s que un condimento pol\u00edtico en v\u00edsperas de un a\u00f1o electoral. Tengamos en cuenta que algunos ministros son del mismo palo del gobierno\u00bb\u00bbEn la medida que no haya una pol\u00edtica de estado en materia agropecuaria vamos a andar en vaiv\u00e9n en funci\u00f3n del inter\u00e9s del Gobierno de turno\u00bb, agreg\u00f3 Garetto.<\/span><\/p>\n<p>Infocampo<\/p>\n","protected":false},"excerpt":{"rendered":"<p>El presidente de Coninagro, Carlos Garetto, asegur\u00f3 que \u00abel \u00fanico incentivo que puede haber para que el productor aumente el \u00e1rea de siembra de trigo, fuera de la zona n\u00facleo, son las condiciones clim\u00e1ticas que han dejado un buen perfil de humedad\u00bb<\/p>\n","protected":false},"author":5,"featured_media":0,"comment_status":"open","ping_status":"open","sticky":false,"template":"","format":"standard","meta":[],"categories":[1],"tags":[907,906,908],"_links":{"self":[{"href":"http:\/\/rurallascolonias.com.ar\/index.php?rest_route=\/wp\/v2\/posts\/2352"}],"collection":[{"href":"http:\/\/rurallascolonias.com.ar\/index.php?rest_route=\/wp\/v2\/posts"}],"about":[{"href":"http:\/\/rurallascolonias.com.ar\/index.php?rest_route=\/wp\/v2\/types\/post"}],"author":[{"embeddable":true,"href":"http:\/\/rurallascolonias.com.ar\/index.php?rest_route=\/wp\/v2\/users\/5"}],"replies":[{"embeddable":true,"href":"http:\/\/rurallascolonias.com.ar\/index.php?rest_route=%2Fwp%2Fv2%2Fcomments&post=2352"}],"version-history":[{"count":2,"href":"http:\/\/rurallascolonias.com.ar\/index.php?rest_route=\/wp\/v2\/posts\/2352\/revisions"}],"predecessor-version":[{"id":2355,"href":"http:\/\/rurallascolonias.com.ar\/index.php?rest_route=\/wp\/v2\/posts\/2352\/revisions\/2355"}],"wp:attachment":[{"href":"http:\/\/rurallascolonias.com.ar\/index.php?rest_route=%2Fwp%2Fv2%2Fmedia&parent=2352"}],"wp:term":[{"taxonomy":"category","embeddable":true,"href":"http:\/\/rurallascolonias.com.ar\/index.php?rest_route=%2Fwp%2Fv2%2Fcategories&post=2352"},{"taxonomy":"post_tag","embeddable":true,"href":"http:\/\/rurallascolonias.com.ar\/index.php?rest_route=%2Fwp%2Fv2%2Ftags&post=2352"}],"curies":[{"name":"wp","href":"https:\/\/api.w.org\/{rel}","templated":true}]}}