{"id":234,"date":"2013-11-29T00:47:17","date_gmt":"2013-11-29T00:47:17","guid":{"rendered":"http:\/\/rurallascolonias.com.ar\/?p=234"},"modified":"2013-11-29T12:10:21","modified_gmt":"2013-11-29T12:10:21","slug":"videla-fue-confirmado-al-frente-de-la-subsecretaria-de-lecheria","status":"publish","type":"post","link":"http:\/\/rurallascolonias.com.ar\/?p=234","title":{"rendered":"VIDELA FUE CONFIRMADO AL FRENTE DE LA SUBSECRETAR\u00cdA DE LECHER\u00cdA"},"content":{"rendered":"<p><strong><em>Se confirm\u00f3 hoy durante la presentaci\u00f3n de Casamiquela en el Ministerio de Agricultura<\/em><\/strong><\/p>\n<p><a href=\"http:\/\/rurallascolonias.com.ar\/wp-content\/uploads\/2013\/11\/videla4-300x279.jpg\"><img loading=\"lazy\" class=\"alignleft size-full wp-image-235\" alt=\"videla4-300x279\" src=\"http:\/\/rurallascolonias.com.ar\/wp-content\/uploads\/2013\/11\/videla4-300x279.jpg\" width=\"300\" height=\"279\" \/><\/a>Carlos Casamiquela, flamante Ministro de Agricultura present\u00f3 hoy durante un acto en la sede de la cartera agropecuaria, a los colaboradores que lo acompa\u00f1ar\u00e1n durante su gesti\u00f3n, entre los que hay caras nuevas y ex funcionarios de la administraci\u00f3n del saliente Norberto Yauhar.<!--more--><\/p>\n<p>Entre estos \u00faltimos se cuenta la Secretaria de Desarrollo Rural y Agricultura Familiar bajo Yauhar, Carla Campos Bilbao, y el Subsecretario de Lecher\u00eda, Arturo Videla.<\/p>\n<p>Cabe se\u00f1alar que Videla est\u00e1 al frente de la Subsecretar\u00eda de Lecher\u00eda desde su creaci\u00f3n, manteniendo muy buena relaci\u00f3n de gesti\u00f3n con las C\u00e1maras Lecheras, y que su trabajo siempre tuvo como eje el apoyo a los peque\u00f1os y medianos productores, el cooperativismo y el Agregado de Valor en Origen, ejes impulsados por la Presidenta Cristina Fernandez de Kirchner.<\/p>\n<p>Entre las nuevas designaciones est\u00e1n confirmadas las de Javier Rodr\u00edguez al frente de la Secretar\u00eda de Coordinaci\u00f3n Pol\u00edtica-Institucional \u2013\u00e1rea clave que incluye la relaci\u00f3n con gobernadores e intendentes de distintos puntos del pa\u00eds\u2013 en lugar de Haroldo Lebed; y de Roberto Gabriel Delgado como nuevo secretario de Agricultura en remplazo de Lorenzo Basso, seg\u00fan public\u00f3 Diario Argentino.<\/p>\n<p>Fuente: Infocampo<\/p>\n","protected":false},"excerpt":{"rendered":"<p>Se confirm\u00f3 hoy durante la presentaci\u00f3n de Casamiquela en el Ministerio de Agricultura Carlos Casamiquela, flamante Ministro de Agricultura present\u00f3 hoy durante un acto en la sede de la cartera agropecuaria, a los colaboradores que lo acompa\u00f1ar\u00e1n durante su gesti\u00f3n, entre los que hay caras nuevas y ex funcionarios de la administraci\u00f3n del saliente Norberto [&hellip;]<\/p>\n","protected":false},"author":5,"featured_media":0,"comment_status":"closed","ping_status":"closed","sticky":false,"template":"","format":"standard","meta":[],"categories":[14],"tags":[25,22,23,24],"_links":{"self":[{"href":"http:\/\/rurallascolonias.com.ar\/index.php?rest_route=\/wp\/v2\/posts\/234"}],"collection":[{"href":"http:\/\/rurallascolonias.com.ar\/index.php?rest_route=\/wp\/v2\/posts"}],"about":[{"href":"http:\/\/rurallascolonias.com.ar\/index.php?rest_route=\/wp\/v2\/types\/post"}],"author":[{"embeddable":true,"href":"http:\/\/rurallascolonias.com.ar\/index.php?rest_route=\/wp\/v2\/users\/5"}],"replies":[{"embeddable":true,"href":"http:\/\/rurallascolonias.com.ar\/index.php?rest_route=%2Fwp%2Fv2%2Fcomments&post=234"}],"version-history":[{"count":2,"href":"http:\/\/rurallascolonias.com.ar\/index.php?rest_route=\/wp\/v2\/posts\/234\/revisions"}],"predecessor-version":[{"id":242,"href":"http:\/\/rurallascolonias.com.ar\/index.php?rest_route=\/wp\/v2\/posts\/234\/revisions\/242"}],"wp:attachment":[{"href":"http:\/\/rurallascolonias.com.ar\/index.php?rest_route=%2Fwp%2Fv2%2Fmedia&parent=234"}],"wp:term":[{"taxonomy":"category","embeddable":true,"href":"http:\/\/rurallascolonias.com.ar\/index.php?rest_route=%2Fwp%2Fv2%2Fcategories&post=234"},{"taxonomy":"post_tag","embeddable":true,"href":"http:\/\/rurallascolonias.com.ar\/index.php?rest_route=%2Fwp%2Fv2%2Ftags&post=234"}],"curies":[{"name":"wp","href":"https:\/\/api.w.org\/{rel}","templated":true}]}}