{"id":2327,"date":"2014-05-04T15:07:45","date_gmt":"2014-05-04T15:07:45","guid":{"rendered":"http:\/\/rurallascolonias.com.ar\/?p=2327"},"modified":"2014-05-04T15:07:45","modified_gmt":"2014-05-04T15:07:45","slug":"las-tunas-otro-tambo-que-cierra-en-la-region","status":"publish","type":"post","link":"http:\/\/rurallascolonias.com.ar\/?p=2327","title":{"rendered":"LAS TUNAS: OTRO TAMBO QUE CIERRA EN LA REGI\u00d3N"},"content":{"rendered":"<p><span style=\"color: #545454;\"><a href=\"http:\/\/rurallascolonias.com.ar\/wp-content\/uploads\/2014\/05\/TAMBO-CERRADO.jpg\"><img loading=\"lazy\" class=\"aligncenter size-full wp-image-2328\" src=\"http:\/\/rurallascolonias.com.ar\/wp-content\/uploads\/2014\/05\/TAMBO-CERRADO.jpg\" alt=\"TAMBO CERRADO\" width=\"259\" height=\"194\" \/><\/a>El tambo de la familia Donnet se vio obligado a cerrar sus puertas luego de 60 a\u00f1os. La nula pol\u00edtica agropecuaria hacia al peque\u00f1o productor que impera tanto a nivel nacional como provincial, sumado a la falta de obras h\u00eddricas fueron los motivos principales para abandonar la actividad. La inundaci\u00f3n y la falta de obras fue el golpe de gracia para la esa actividad familiar.<\/span><!--more--><\/p>\n<p style=\"color: #545454;\">\u201cAntes de fundirnos e ir a la quiebra tuvimos que vender el tambo. Los precios son malos, la producci\u00f3n en nuestro caso cayo un 70% y la falta de personal capacitado es un limitante. Esto se suma a la inexistente pol\u00edtica que llevan adelante desde el Gobierno nacional, provincial y comunal -que agravan la situaci\u00f3n con trabajos sin autorizaci\u00f3n, ni estudio h\u00eddrico-, que no te permiten tener una esperanza alentadora con respecto al futuro\u201d.<\/p>\n<p style=\"color: #545454;\">De esta forma Juli\u00e1n Donnet trata de explicar la situaci\u00f3n que lo llev\u00f3 a cerrar su explotaci\u00f3n tambera tras 60 a\u00f1os de actividad en la localidad de Las Tunas. \u201cSe hab\u00eda logrado una muy buena gen\u00e9tica, en los \u00faltimos tiempos ten\u00edamos en promedio unas 90 vacas en orde\u00f1e con un promedio de 1800\/900 litros por d\u00eda. Hab\u00edamos superado en algunos meses los 2 mil litros, pero lamentablemente el esfuerzo y sacrificio de a\u00f1os se perdi\u00f3 en pocos d\u00edas\u201d, precis\u00f3.<\/p>\n<p style=\"color: #545454;\">El tambo estaba en funcionamiento desde el a\u00f1o 1954 iniciado por su padre y desde 1985 a la fecha Juli\u00e1n tomo la posta con su hermana y su cu\u00f1ado. \u201cFueron \u00e9pocas muy dif\u00edciles en un primer momento porque uno no estaba al frente del establecimiento, pero con el tiempo se fue acomodando. En el lapso de 2 a\u00f1os adquirimos unas 200 vaquillonas para agrandar el tambo, mejorando la gen\u00e9tica primero con inseminaci\u00f3n y luego con toros de las mejoras caba\u00f1as de la zona. Da mucha bronca terminar as\u00ed\u201d, agreg\u00f3.<\/p>\n<p style=\"color: #545454;\">El primer golpe<\/p>\n<p style=\"color: #545454;\">La explotaci\u00f3n agropecuaria enclavada en el centro del departamento Las Colonias, tuvo su primer gran inconveniente con el agua en 2007 donde en pocas horas el campo qued\u00f3 con m\u00e1s 50 cent\u00edmetros de agua. \u201cTuvimos en alg\u00fan momento alguna dificultad con el agua, pero nunca tan grave como en estos \u00faltimos 7 a\u00f1os. Entre fines de 2006 y principios de 2007, la inundaci\u00f3n tuvo un efecto muy particular de la noche a la ma\u00f1ana ten\u00edamos entre 50 a 60 cent\u00edmetros de agua en todo el campo y dentro de la casa, pero una vez que empez\u00f3 a bajar la situaci\u00f3n fue mejorando. El problema actual es que las obras cuentas abajo, no se han hecho -solo se trabaj\u00f3 hasta la zona de Los Cuatro Sauces- el agua llega muy r\u00e1pido y se va muy lento porque no hay salida de agua, falta obras muy importantes\u201d, indic\u00f3 Donnet.<\/p>\n<p style=\"color: #545454;\">El productor afirm\u00f3 que existe un canal que se hizo de manera natural por la propia pendiente del lugar, \u201cresulta muy extra\u00f1o que tanto el Comit\u00e9 de Cuenca Centro Oeste, como el Ministerio de Aguas de la Provincia no lleven a cabo esta obra. Solo falta poner una m\u00e1quina dentro del campo y llevar a cabo la obra\u201d.<\/p>\n<p style=\"color: #545454;\">Donnet agreg\u00f3 que la promesa de nuevas obras viene desde hace m\u00e1s de 10 a\u00f1os, \u201centre 4 a 5 a\u00f1os atr\u00e1s dimos los permisos de paso para que el comit\u00e9 de cuenca y la provincia haga las obras y nunca se realizaron\u201d.<\/p>\n<p style=\"color: #545454;\">Culpas<\/p>\n<p style=\"color: #545454;\">Por otra parte Donnet dej\u00f3 en claro que la situaci\u00f3n que vive el sector, y particularmente la zona, tiene claros responsables. \u201cQue las obras no se hagan es responsabilidad en primer lugar del gobierno provincial -a trav\u00e9s del Ministerio de Aguas- que en lugar de administrar y ejecutar las obras las frenan, los motivos deber\u00edan explicarlos ellos; los Comit\u00e9 de Cuenca no pueden ejecutar porque no hay autorizaci\u00f3n y las alt\u00edsimas tasas que cobran se van a gastos administrativos y nada en obra\u201d, afirm\u00f3.<\/p>\n<p style=\"color: #545454;\">En este sentido expres\u00f3 que a\u00f1os anteriores hab\u00eda 5 maquinas trabajando, con tres choferes y una empleada administrativa, al que se sumaba un abogado y un contador, m\u00e1s el t\u00e9cnico. \u201cHoy en d\u00eda hay un maquinista, una empleada administrativa, dos abogados, una contadora y dos t\u00e9cnicos. La mayor parte de lo que se recauda va destinado a pagar sueldos, honorarios y estudios, pero las obras nunca se realizan\u201d.<\/p>\n<p style=\"color: #545454;\">El productor que fue presidente del Comit\u00e9 entre 2002 y 2006 manifest\u00f3 que actualmente no se genera informaci\u00f3n. \u201cAntes se reun\u00eda 3 veces por mes y se atend\u00edan los reclamos de los 8 distritos que lo integran -San Jer\u00f3nimo norte; Las tunas; Pujato; Franck; Colonia San Jos\u00e9; empalme San Carlos; Esperanza y Humboldt-\u201d.<\/p>\n<p style=\"color: #545454;\">Donnet agreg\u00f3 que otro de los inconvenientes que llev\u00f3 a cerrar el tambo fue la colocaci\u00f3n de una bomba -arrocera- que puso la comuna de Las Tunas, que termin\u00f3 por hacer perder toda la pastura y las reservas previstas para este a\u00f1o. \u201cCada comuna hace lo que quiere, sin autorizaci\u00f3n y sin proyectos de impacto aprobados. Estamos de acuerdo en que se produzca el menor impacto en los ejidos urbanos, pero no a costa de fundirnos a nosotros, que en definitiva somos los que mantienen el sistema. Lamentablemente los presidente comunales en lugar de velar por el bien com\u00fan de la mayor\u00eda de la gente de su distrito, vela por el bien particular de alguno\u201d, puntualiz\u00f3.<\/p>\n<p style=\"color: #545454;\">\n<p style=\"color: #545454;\">\n<p style=\"color: #545454;\">Por Jos\u00e9 Zenclussen \u2013 Campo Litoral &#8211;<\/p>\n","protected":false},"excerpt":{"rendered":"<p>El tambo de la familia Donnet se vio obligado a cerrar sus puertas luego de 60 a\u00f1os. La nula pol\u00edtica agropecuaria hacia al peque\u00f1o productor que impera tanto a nivel nacional como provincial, sumado a la falta de obras h\u00eddricas fueron los motivos principales para abandonar la actividad. La inundaci\u00f3n y la falta de obras [&hellip;]<\/p>\n","protected":false},"author":5,"featured_media":0,"comment_status":"open","ping_status":"open","sticky":false,"template":"","format":"standard","meta":[],"categories":[1],"tags":[],"_links":{"self":[{"href":"http:\/\/rurallascolonias.com.ar\/index.php?rest_route=\/wp\/v2\/posts\/2327"}],"collection":[{"href":"http:\/\/rurallascolonias.com.ar\/index.php?rest_route=\/wp\/v2\/posts"}],"about":[{"href":"http:\/\/rurallascolonias.com.ar\/index.php?rest_route=\/wp\/v2\/types\/post"}],"author":[{"embeddable":true,"href":"http:\/\/rurallascolonias.com.ar\/index.php?rest_route=\/wp\/v2\/users\/5"}],"replies":[{"embeddable":true,"href":"http:\/\/rurallascolonias.com.ar\/index.php?rest_route=%2Fwp%2Fv2%2Fcomments&post=2327"}],"version-history":[{"count":1,"href":"http:\/\/rurallascolonias.com.ar\/index.php?rest_route=\/wp\/v2\/posts\/2327\/revisions"}],"predecessor-version":[{"id":2329,"href":"http:\/\/rurallascolonias.com.ar\/index.php?rest_route=\/wp\/v2\/posts\/2327\/revisions\/2329"}],"wp:attachment":[{"href":"http:\/\/rurallascolonias.com.ar\/index.php?rest_route=%2Fwp%2Fv2%2Fmedia&parent=2327"}],"wp:term":[{"taxonomy":"category","embeddable":true,"href":"http:\/\/rurallascolonias.com.ar\/index.php?rest_route=%2Fwp%2Fv2%2Fcategories&post=2327"},{"taxonomy":"post_tag","embeddable":true,"href":"http:\/\/rurallascolonias.com.ar\/index.php?rest_route=%2Fwp%2Fv2%2Ftags&post=2327"}],"curies":[{"name":"wp","href":"https:\/\/api.w.org\/{rel}","templated":true}]}}