{"id":2272,"date":"2014-04-29T10:20:32","date_gmt":"2014-04-29T10:20:32","guid":{"rendered":"http:\/\/rurallascolonias.com.ar\/?p=2272"},"modified":"2014-04-29T10:20:32","modified_gmt":"2014-04-29T10:20:32","slug":"500-000-toneladas-para-la-exportacion","status":"publish","type":"post","link":"http:\/\/rurallascolonias.com.ar\/?p=2272","title":{"rendered":"500.000 TONELADAS PARA LA EXPORTACI\u00d3N"},"content":{"rendered":"<p><span style=\"color: #333333;\"><a href=\"http:\/\/rurallascolonias.com.ar\/wp-content\/uploads\/2014\/04\/anuncio-CFK.jpg\"><img loading=\"lazy\" class=\"aligncenter wp-image-2273 size-medium\" src=\"http:\/\/rurallascolonias.com.ar\/wp-content\/uploads\/2014\/04\/anuncio-CFK-300x155.jpg\" alt=\"anuncio CFK\" width=\"300\" height=\"155\" srcset=\"http:\/\/rurallascolonias.com.ar\/wp-content\/uploads\/2014\/04\/anuncio-CFK-300x155.jpg 300w, http:\/\/rurallascolonias.com.ar\/wp-content\/uploads\/2014\/04\/anuncio-CFK-600x310.jpg 600w, http:\/\/rurallascolonias.com.ar\/wp-content\/uploads\/2014\/04\/anuncio-CFK-624x322.jpg 624w, http:\/\/rurallascolonias.com.ar\/wp-content\/uploads\/2014\/04\/anuncio-CFK.jpg 648w\" sizes=\"(max-width: 300px) 100vw, 300px\" \/><\/a>Lo anunci\u00f3 la Presidenta en un mensaje difundido por Cadena Nacional. Tambi\u00e9n realiz\u00f3 una fuerte defensa de las retenciones a las exportaciones agropecuarias<\/span><!--more--><\/p>\n<div class=\"vsmcontent\" style=\"color: #333333;\">\n<p style=\"color: #333333;\"><b>La presidenta Cristina Kirchner anunci\u00f3 ayer que el gobierno liber\u00f3 500 mil toneladas de trigo para la exportaci\u00f3n y la devoluci\u00f3n de retenciones a 10.519 peque\u00f1os productores trigueros por 206 millones de pesos en total.<\/b><\/p>\n<p>La presidenta formul\u00f3 \u00e9ste y otros anuncios durante un mensaje por cadena nacional en la que reconoci\u00f3 la baja en la producci\u00f3n triguera en la \u00faltima d\u00e9cada.\u00a0En tanto, la jefa de Estado tambi\u00e9n realiz\u00f3 una fuerte defensa de las retenciones a las exportaciones agropecuarias.<\/p>\n<p>El 50 por ciento de los productores son de Santa Fe que son los que m\u00e1s se inscribieron en el sistema CePaGa el a\u00f1o pasado.<\/p>\n<p><b>La suma estipulada es de un promedio de 20.400 pesos por productor y con ese dinero cubren el 105 por ciento del costo del herbicida, o el 31 por ciento de la semilla, el tercio de los productores trigueros del pa\u00eds que ahora empiezan la campa\u00f1a fina 2014-2015.<\/b><\/p>\n<p>Una de las condiciones respecto de la liberaci\u00f3n del trigo es que si llega a faltar en el mercado interno el cereal, lo tiene que reponer el sector exportador.<\/p>\n<p>Seg\u00fan los datos del MINAGRI, en esta campa\u00f1a 2013-2014 de trigo se cosecharon 9,2 millones de toneladas de trigo, lo que sigue siendo la producci\u00f3n m\u00e1s baja de los \u00faltimos cien a\u00f1os.<\/p>\n<p><b>Las trabas a la comercializaci\u00f3n fue uno de los motivos que desalentaron la siembra de trigo en la Argentina ya que los productores tuvieron que pasar por la situaci\u00f3n de no poder vender el grano porque no ten\u00edan qui\u00e9n se los comprara.<\/b><\/p>\n<p>Entre los conceptos que desarroll\u00f3 la presidenta que estaba asistida por el ministro de Agricultura, Carlos Casamiquela con cuadros t\u00e9cnicos fue su defensa de las retenciones.<\/p>\n<p><b>\u00abA los que dicen que es posible desenganchar el tema de retenciones en trigo, o en tema de ma\u00edz por ejemplo vinculados al mercado interno\u00bb la presidenta les record\u00f3 lo que a su juicio pas\u00f3 en 2013.<\/b><\/p>\n<p>Se\u00f1al\u00f3 que \u00abel a\u00f1o pasado se pensaba que \u00edbamos a tener 13 millones de toneladas (de trigo) y por lo tanto \u00edbamos a tener un gran excedente, porque nosotros necesitamos para el consumo interno unas 6 millones a 7 millones de toneladas, 6 millones y medio para harina y medio mill\u00f3n m\u00e1s para semillas\u00bb.<\/p>\n<p>\u00abDimos m\u00e1s permisos de exportaci\u00f3n de lo que se hab\u00eda producido y se desenganch\u00f3, recuerden lo que sal\u00eda el pan y la harina\u00bb y puso as\u00ed en duda la veracidad de las informaciones del propio Ministerio respecto de los excedentes.<\/p>\n<p><b>\u00abInmediatamente que falt\u00f3 harina se dispar\u00f3 el precio del pan y de la harina\u00bb a precios internacionales, manifest\u00f3.<\/b><\/p>\n<p>De cara al 2015 recomend\u00f3 \u00abcuando les digan que van a eliminar las retenciones del trigo (est\u00e1 al 23 por ciento), que les expliquen c\u00f3mo van a hacer para mantener el precio del pan no a internacional europeo y s\u00ed el de ac\u00e1 dentro\u00bb.<\/p>\n<p>El dinero a los productores se har\u00e1 efectivo a trav\u00e9s de una cuenta en el Banco Naci\u00f3n.\u00a0Mientras que el pago se har\u00e1 por medio del Cepaga (Certificado de Est\u00edmulo para la Producci\u00f3n Agropecuaria Argentina), que notificar\u00e1 la Unidad de Coordinaci\u00f3n y Evaluaci\u00f3n de Subsidios al Consumo Interno (Ucesci) al Naci\u00f3n y \u00e9ste proceder\u00e1 a los pagos en las cuentas bancarias de cada productor.<\/p>\n<p>El trigo sufri\u00f3 una f\u00e9rrea intervenci\u00f3n por parte del ex secretario de Comercio Interior Guillermo Moreno, que termin\u00f3 con precios al productor planchados y las m\u00e1s bajas siembras de las \u00faltimas d\u00e9cadas.<\/p>\n<p>Por otra parte, la escasa exportaci\u00f3n, apenas se llevan autorizadas 1 mill\u00f3n de toneladas de trigo 2013-2014 para vender al mundo, a las que se suman 500 mil toneladas hace que el fondo para reintegrar retenciones est\u00e9 alejado de lo que se estimaba cuando, hace un a\u00f1o, fue lanzado.<\/p>\n<p><b>El fideicomiso del trigo tiene hoy algo m\u00e1s de 22 millones de d\u00f3lares, pero al lanzarlo se estipulaba que podr\u00eda llegar a 600 millones de d\u00f3lares.<\/b><\/p>\n<\/div>\n<div class=\"copyright\" style=\"color: #333333;\">\n<div class=\"author\">Cadena3<\/div>\n<\/div>\n","protected":false},"excerpt":{"rendered":"<p>Lo anunci\u00f3 la Presidenta en un mensaje difundido por Cadena Nacional. Tambi\u00e9n realiz\u00f3 una fuerte defensa de las retenciones a las exportaciones agropecuarias<\/p>\n","protected":false},"author":5,"featured_media":0,"comment_status":"open","ping_status":"open","sticky":false,"template":"","format":"standard","meta":[],"categories":[42],"tags":[8,878],"_links":{"self":[{"href":"http:\/\/rurallascolonias.com.ar\/index.php?rest_route=\/wp\/v2\/posts\/2272"}],"collection":[{"href":"http:\/\/rurallascolonias.com.ar\/index.php?rest_route=\/wp\/v2\/posts"}],"about":[{"href":"http:\/\/rurallascolonias.com.ar\/index.php?rest_route=\/wp\/v2\/types\/post"}],"author":[{"embeddable":true,"href":"http:\/\/rurallascolonias.com.ar\/index.php?rest_route=\/wp\/v2\/users\/5"}],"replies":[{"embeddable":true,"href":"http:\/\/rurallascolonias.com.ar\/index.php?rest_route=%2Fwp%2Fv2%2Fcomments&post=2272"}],"version-history":[{"count":1,"href":"http:\/\/rurallascolonias.com.ar\/index.php?rest_route=\/wp\/v2\/posts\/2272\/revisions"}],"predecessor-version":[{"id":2274,"href":"http:\/\/rurallascolonias.com.ar\/index.php?rest_route=\/wp\/v2\/posts\/2272\/revisions\/2274"}],"wp:attachment":[{"href":"http:\/\/rurallascolonias.com.ar\/index.php?rest_route=%2Fwp%2Fv2%2Fmedia&parent=2272"}],"wp:term":[{"taxonomy":"category","embeddable":true,"href":"http:\/\/rurallascolonias.com.ar\/index.php?rest_route=%2Fwp%2Fv2%2Fcategories&post=2272"},{"taxonomy":"post_tag","embeddable":true,"href":"http:\/\/rurallascolonias.com.ar\/index.php?rest_route=%2Fwp%2Fv2%2Ftags&post=2272"}],"curies":[{"name":"wp","href":"https:\/\/api.w.org\/{rel}","templated":true}]}}