{"id":2263,"date":"2014-04-28T16:23:10","date_gmt":"2014-04-28T16:23:10","guid":{"rendered":"http:\/\/rurallascolonias.com.ar\/?p=2263"},"modified":"2014-04-28T16:23:10","modified_gmt":"2014-04-28T16:23:10","slug":"vidriera-genetica-palabras-del-ministro-de-la-produccion-de-santa-fe","status":"publish","type":"post","link":"http:\/\/rurallascolonias.com.ar\/?p=2263","title":{"rendered":"VIDRIERA GEN\u00c9TICA: PALABRAS DEL MINISTRO DE LA PRODUCCI\u00d3N DE SANTA FE"},"content":{"rendered":"<p><strong><em><a href=\"http:\/\/rurallascolonias.com.ar\/wp-content\/uploads\/2014\/04\/DSC03284.jpg\"><img loading=\"lazy\" class=\"alignleft wp-image-2264 size-medium\" src=\"http:\/\/rurallascolonias.com.ar\/wp-content\/uploads\/2014\/04\/DSC03284-225x300.jpg\" alt=\"DSC03284\" width=\"225\" height=\"300\" srcset=\"http:\/\/rurallascolonias.com.ar\/wp-content\/uploads\/2014\/04\/DSC03284-225x300.jpg 225w, http:\/\/rurallascolonias.com.ar\/wp-content\/uploads\/2014\/04\/DSC03284-768x1024.jpg 768w, http:\/\/rurallascolonias.com.ar\/wp-content\/uploads\/2014\/04\/DSC03284-600x800.jpg 600w, http:\/\/rurallascolonias.com.ar\/wp-content\/uploads\/2014\/04\/DSC03284-624x832.jpg 624w\" sizes=\"(max-width: 225px) 100vw, 225px\" \/><\/a>CARLOS FASCENDINI -MINISTRO DE LA PRODUCCI\u00d3N DE SANTA FE<\/em><\/strong><br \/>\n\u00abEstamos en un momento importante, creo que lo hemos se\u00f1alado en m\u00e1s de una oportunidad, frente a un mundo que demanda alimentos y frente a un pa\u00eds que puede producirlos con eficiencia. <!--more-->Obviamente que necesitamos para \u00e9sto pol\u00edticas econ\u00f3micas adecuadas, pol\u00edticas que den estabilidad, que den previsibilidad, que den seguridad jur\u00eddica y en definitiva, hagan que de esta cadena tan virtuosa, la rentabilidad suficiente para que se pueda seguir invirtiendo y creciendo. Vengo de una reuni\u00f3n del Consejo Federal Agropecuario. Decirles que ha habido un acercamiento importante desde las provincias a nivel nacional y se ha logrado restituir relaciones y se est\u00e1 trabajando en forma conjunta en un acuerdo que han hecho nuestros Gobernadores (de la provincia de Santa Fe, C\u00f3rdoba y Buenos Aires) para que tratemos de trabajar en forma conjunta ahunando esfuerzos de nuestras producciones que son similares y en donde las tres provincias unidas reunimos m\u00e1s del 80% de la producci\u00f3n l\u00e1ctea, m\u00e1s del 80% de la producci\u00f3n de soja, un enorme porcentaje de la producci\u00f3n de carne. Decirles tambi\u00e9n que ayer firm\u00e9 una resoluci\u00f3n que se ven\u00eda trabajando desde hace ya tiempo, con dirigentes del sector l\u00e1cteo de la provincia, lo que significa poner en orden y ayornar el decreto de los precios de referencia de la leche a las liquidaciones de sodio, promoviendo as\u00ed el acuerdo l\u00e1cteo que significar\u00e1 que cada productor que quiera facilitar a la empresa o a la industria la formalizaci\u00f3n de su contrato, lo pueda hacer. Por todo esto y mucho m\u00e1s tenemos que levantar la mirada por arriba de la coyuntura, y seguir apostando a la producci\u00f3n que significa para todos nosotros, no para el sector involucrado en s\u00ed mismo, sino para la ciudadan\u00eda como importante palanca de crecimiento y desarrollo\u00bb.<\/p>\n<p>Sociedad Rural de Las Colonias<\/p>\n","protected":false},"excerpt":{"rendered":"<p>CARLOS FASCENDINI -MINISTRO DE LA PRODUCCI\u00d3N DE SANTA FE \u00abEstamos en un momento importante, creo que lo hemos se\u00f1alado en m\u00e1s de una oportunidad, frente a un mundo que demanda alimentos y frente a un pa\u00eds que puede producirlos con eficiencia.<\/p>\n","protected":false},"author":5,"featured_media":0,"comment_status":"open","ping_status":"open","sticky":false,"template":"","format":"standard","meta":[],"categories":[42],"tags":[94,643,857],"_links":{"self":[{"href":"http:\/\/rurallascolonias.com.ar\/index.php?rest_route=\/wp\/v2\/posts\/2263"}],"collection":[{"href":"http:\/\/rurallascolonias.com.ar\/index.php?rest_route=\/wp\/v2\/posts"}],"about":[{"href":"http:\/\/rurallascolonias.com.ar\/index.php?rest_route=\/wp\/v2\/types\/post"}],"author":[{"embeddable":true,"href":"http:\/\/rurallascolonias.com.ar\/index.php?rest_route=\/wp\/v2\/users\/5"}],"replies":[{"embeddable":true,"href":"http:\/\/rurallascolonias.com.ar\/index.php?rest_route=%2Fwp%2Fv2%2Fcomments&post=2263"}],"version-history":[{"count":1,"href":"http:\/\/rurallascolonias.com.ar\/index.php?rest_route=\/wp\/v2\/posts\/2263\/revisions"}],"predecessor-version":[{"id":2265,"href":"http:\/\/rurallascolonias.com.ar\/index.php?rest_route=\/wp\/v2\/posts\/2263\/revisions\/2265"}],"wp:attachment":[{"href":"http:\/\/rurallascolonias.com.ar\/index.php?rest_route=%2Fwp%2Fv2%2Fmedia&parent=2263"}],"wp:term":[{"taxonomy":"category","embeddable":true,"href":"http:\/\/rurallascolonias.com.ar\/index.php?rest_route=%2Fwp%2Fv2%2Fcategories&post=2263"},{"taxonomy":"post_tag","embeddable":true,"href":"http:\/\/rurallascolonias.com.ar\/index.php?rest_route=%2Fwp%2Fv2%2Ftags&post=2263"}],"curies":[{"name":"wp","href":"https:\/\/api.w.org\/{rel}","templated":true}]}}