{"id":2254,"date":"2014-04-28T10:27:27","date_gmt":"2014-04-28T10:27:27","guid":{"rendered":"http:\/\/rurallascolonias.com.ar\/?p=2254"},"modified":"2014-04-28T10:28:21","modified_gmt":"2014-04-28T10:28:21","slug":"vidriera-genetica-palabras-de-bienvenida-del-presidente-de-la-sociedad-rural-de-las-colonias","status":"publish","type":"post","link":"http:\/\/rurallascolonias.com.ar\/?p=2254","title":{"rendered":"VIDRIERA GEN\u00c9TICA: PALABRAS DE BIENVENIDA DEL PRESIDENTE DE LA SOCIEDAD RURAL DE LAS COLONIAS"},"content":{"rendered":"<p><a href=\"http:\/\/rurallascolonias.com.ar\/wp-content\/uploads\/2014\/04\/DSC03276-copia.jpg\"><img loading=\"lazy\" class=\"alignleft wp-image-2255 size-medium\" src=\"http:\/\/rurallascolonias.com.ar\/wp-content\/uploads\/2014\/04\/DSC03276-copia-225x300.jpg\" alt=\"DSC03276 - copia\" width=\"225\" height=\"300\" srcset=\"http:\/\/rurallascolonias.com.ar\/wp-content\/uploads\/2014\/04\/DSC03276-copia-225x300.jpg 225w, http:\/\/rurallascolonias.com.ar\/wp-content\/uploads\/2014\/04\/DSC03276-copia-768x1024.jpg 768w, http:\/\/rurallascolonias.com.ar\/wp-content\/uploads\/2014\/04\/DSC03276-copia-600x800.jpg 600w, http:\/\/rurallascolonias.com.ar\/wp-content\/uploads\/2014\/04\/DSC03276-copia-624x832.jpg 624w\" sizes=\"(max-width: 225px) 100vw, 225px\" \/><\/a>JOS\u00c9 LUIS ALONSO -PRESIDENTE DE LA SOCIEDAD RURAL DE LAS COLONIAS<br \/>\n\u00abUn 8 de mayo de 1944 se funda la Sociedad Rural por iniciativa de un grupo de productores. En ese momento, a Don Jacinto P\u00edo Guala le toca precidir lo que fue la Primera Comisi\u00f3n Directiva. Espero que ahora, habiendo pasado 70 a\u00f1os, hayamos podido plasmar (los nuevos dirigentes de la actual Comisi\u00f3n) el ideario que form\u00f3 a esta Sociedad Rural tan prestigiosa de la zona. Cuando observamos en los corrales la calidad de gen\u00e9tica de hacienda que han tra\u00eddo los productores de la zona estamos viendo los frutos de muchos a\u00f1os de esfuerzo y dedicaci\u00f3n. Construir un rodeo lechero para producir leche es emprender una carrera hacia la generaci\u00f3n de uno de los alimentos de mayor valor alimenticio que tiene nuestra poblaci\u00f3n. <!--more-->La actividad tambera, como todas, sabemos que factura como aproximadamente 4 veces de lo que factura la agricultura, generando empleos. Cada 25 hect\u00e1reas se necesita un empleado vs. las actividades agr\u00edcolas que cada 400 hect\u00e1reas necesita un empleado. Esta energ\u00eda que ha puesto la producci\u00f3n, necesita ser recompensada con precios, con la infraestructura necesaria. Es bien conocido lo que ocurri\u00f3 con las \u00faltimas lluvias en el Dpto. Las Colonias -todo en el centro sur de Las Colonias. Necesitamos un mayor esfuerzo en el mantenimiento de los caminos, cuneteos en general y ripios. En este sentido, hemos organizado en nuestra instituci\u00f3n hace pocos d\u00edas, con la Intendenta Municipal Ana Mar\u00eda Meiners y el Senador Departamental Rub\u00e9n Pirola y con la mayor\u00eda de los Municipios del Depto. una reuni\u00f3n en la que hicimos un plan de trabajo a mediano y corto plazo para resolver el tema del exceso de agua en la zona. Adem\u00e1s, gestionamos a trav\u00e9s de Carsfe en nuestra entidad provincial una reuni\u00f3n con el Ministerio de Aguas que se plasm\u00f3 tambi\u00e9n d\u00edas atr\u00e1s en donde peticionamos un plan para mejorar el tema de aguas y caminos en general y que ese plan sea revisado por el Ministerio de Aguas. En teor\u00eda, la pr\u00f3xima semana vamos a tener una reuni\u00f3n. En los \u00faltimos a\u00f1os, los tambos han incrementado la cantidad de unidades de vacas con lo cual la red el\u00e9ctrica est\u00e1 colapsada. Hoy necesitamos una m\u00e1s moderna, con mayor potencia y principalmente con trif\u00e1sica para atender las necesidades el\u00e9ctricas zonales. En cuanto a la pol\u00edtica nacional de precios, y convenios en la supuesta defensa del consumidor, el resultado est\u00e1 a la vista: los consumidores pagan cada vez m\u00e1s caro un producto que los mismos productores lo pagan m\u00e1s barato y precios relativos a los que consumimos. Esto no solamente le est\u00e1 ocurriendo a la leche, sino tambi\u00e9n al trigo, a la carne y al ma\u00edz. Defendamos, por eso, local y provincialmente a la producci\u00f3n tambera, para generar movimiento econ\u00f3mico local y mantener a las personas arraigadas en el campo; eso es lo que necesitamos para producir\u00bb.<\/p>\n<p><a href=\"http:\/\/rurallascolonias.com.ar\/wp-content\/uploads\/2014\/04\/DSC03278.jpg\"><img loading=\"lazy\" class=\"aligncenter wp-image-2256 size-medium\" src=\"http:\/\/rurallascolonias.com.ar\/wp-content\/uploads\/2014\/04\/DSC03278-300x225.jpg\" alt=\"DSC03278\" width=\"300\" height=\"225\" srcset=\"http:\/\/rurallascolonias.com.ar\/wp-content\/uploads\/2014\/04\/DSC03278-300x225.jpg 300w, http:\/\/rurallascolonias.com.ar\/wp-content\/uploads\/2014\/04\/DSC03278-1024x768.jpg 1024w, http:\/\/rurallascolonias.com.ar\/wp-content\/uploads\/2014\/04\/DSC03278-600x450.jpg 600w, http:\/\/rurallascolonias.com.ar\/wp-content\/uploads\/2014\/04\/DSC03278-624x467.jpg 624w\" sizes=\"(max-width: 300px) 100vw, 300px\" \/><\/a><br \/>\nAlonso\u00a0finaliz\u00f3\u00a0agradeciendo a todos los que acompa\u00f1aron en esta 8\u00b0 Vidriera Gen\u00e9tica: al Senador, Rub\u00e9n Pirola; al Ministro de la producci\u00f3n, Carlos Fascendini; \u00a0a la Intendenta, Ana Mar\u00eda Meiners; a los sponsors, al p\u00fablico en general, Ateneo, a la Comisi\u00f3n Directiva y a la Cooperativa Guillermo Lehmann, que ayud\u00f3 y mucho para que se lleve a cabo.<\/p>\n<p>Sociedad Rural de Las Colonias<\/p>\n","protected":false},"excerpt":{"rendered":"<p>JOS\u00c9 LUIS ALONSO -PRESIDENTE DE LA SOCIEDAD RURAL DE LAS COLONIAS \u00abUn 8 de mayo de 1944 se funda la Sociedad Rural por iniciativa de un grupo de productores. En ese momento, a Don Jacinto P\u00edo Guala le toca precidir lo que fue la Primera Comisi\u00f3n Directiva. Espero que ahora, habiendo pasado 70 a\u00f1os, hayamos [&hellip;]<\/p>\n","protected":false},"author":5,"featured_media":0,"comment_status":"open","ping_status":"open","sticky":false,"template":"","format":"standard","meta":[],"categories":[42],"tags":[855,857],"_links":{"self":[{"href":"http:\/\/rurallascolonias.com.ar\/index.php?rest_route=\/wp\/v2\/posts\/2254"}],"collection":[{"href":"http:\/\/rurallascolonias.com.ar\/index.php?rest_route=\/wp\/v2\/posts"}],"about":[{"href":"http:\/\/rurallascolonias.com.ar\/index.php?rest_route=\/wp\/v2\/types\/post"}],"author":[{"embeddable":true,"href":"http:\/\/rurallascolonias.com.ar\/index.php?rest_route=\/wp\/v2\/users\/5"}],"replies":[{"embeddable":true,"href":"http:\/\/rurallascolonias.com.ar\/index.php?rest_route=%2Fwp%2Fv2%2Fcomments&post=2254"}],"version-history":[{"count":2,"href":"http:\/\/rurallascolonias.com.ar\/index.php?rest_route=\/wp\/v2\/posts\/2254\/revisions"}],"predecessor-version":[{"id":2258,"href":"http:\/\/rurallascolonias.com.ar\/index.php?rest_route=\/wp\/v2\/posts\/2254\/revisions\/2258"}],"wp:attachment":[{"href":"http:\/\/rurallascolonias.com.ar\/index.php?rest_route=%2Fwp%2Fv2%2Fmedia&parent=2254"}],"wp:term":[{"taxonomy":"category","embeddable":true,"href":"http:\/\/rurallascolonias.com.ar\/index.php?rest_route=%2Fwp%2Fv2%2Fcategories&post=2254"},{"taxonomy":"post_tag","embeddable":true,"href":"http:\/\/rurallascolonias.com.ar\/index.php?rest_route=%2Fwp%2Fv2%2Ftags&post=2254"}],"curies":[{"name":"wp","href":"https:\/\/api.w.org\/{rel}","templated":true}]}}