{"id":2190,"date":"2014-04-21T18:01:44","date_gmt":"2014-04-21T18:01:44","guid":{"rendered":"http:\/\/rurallascolonias.com.ar\/?p=2190"},"modified":"2014-04-21T18:01:44","modified_gmt":"2014-04-21T18:01:44","slug":"durante-abril-la-produccion-de-leche-cayo-entre-un-5-y-un-10","status":"publish","type":"post","link":"http:\/\/rurallascolonias.com.ar\/?p=2190","title":{"rendered":"DURANTE ABRIL LA PRODUCCI\u00d3N DE LECHE CAY\u00d3 ENTRE UN 5 Y UN 10%"},"content":{"rendered":"<p><span style=\"color: #333333;\"><a href=\"http:\/\/rurallascolonias.com.ar\/wp-content\/uploads\/2014\/04\/producci\u00f3n-de-leche-2.jpg\"><img loading=\"lazy\" class=\"aligncenter size-full wp-image-2191\" src=\"http:\/\/rurallascolonias.com.ar\/wp-content\/uploads\/2014\/04\/producci\u00f3n-de-leche-2.jpg\" alt=\"producci\u00f3n de leche 2\" width=\"346\" height=\"146\" srcset=\"http:\/\/rurallascolonias.com.ar\/wp-content\/uploads\/2014\/04\/producci\u00f3n-de-leche-2.jpg 346w, http:\/\/rurallascolonias.com.ar\/wp-content\/uploads\/2014\/04\/producci\u00f3n-de-leche-2-300x126.jpg 300w\" sizes=\"(max-width: 346px) 100vw, 346px\" \/><\/a>Por las lluvias, las empresas reciben un mill\u00f3n de litros menos por d\u00eda. El mercado interno est\u00e1 asegurado pero se vender\u00e1 menos al exterior<\/span><!--more--><\/p>\n<div class=\"vsmcontent\" style=\"color: #333333;\">\n<p style=\"color: #333333;\">Seg\u00fan se\u00f1al\u00f3 el presidente del Centro de Industria Lechera (CIL), en la comparaci\u00f3n de abril 2014 versus 2013 se observa una ca\u00edda de la producci\u00f3n de leche de entre el 5 al 10%, debido a las intensas precipitaciones que se registraron principalmente en C\u00f3rdoba y Santa Fe. \u00abHasta el mes de junio no van a poder recuperarse\u00bb, enfatiz\u00f3 el directivo.<\/p>\n<p style=\"color: #333333;\">\nAntes de las \u00faltimas lluvias, el volumen de producci\u00f3n se manten\u00eda en un nivel similar al del primer trimestre del a\u00f1o pasado. Lo mismo pasaba con las exportaciones que, pese a la regulaci\u00f3n de los ROEL, terminaron apenas por debajo de lo exportado en el mismo per\u00edodo de 2013. Sin embargo, se espera para abril y mayo una baja en las exportaciones. No se registrar\u00e1 problemas en el abastecimiento del mercado interno.<\/p>\n<p style=\"color: #333333;\">\n<\/div>\n<div class=\"copyright\" style=\"color: #333333;\">\n<div class=\"author\">Infortambo<\/div>\n<\/div>\n","protected":false},"excerpt":{"rendered":"<p>Por las lluvias, las empresas reciben un mill\u00f3n de litros menos por d\u00eda. El mercado interno est\u00e1 asegurado pero se vender\u00e1 menos al exterior<\/p>\n","protected":false},"author":5,"featured_media":0,"comment_status":"open","ping_status":"open","sticky":false,"template":"","format":"standard","meta":[],"categories":[46],"tags":[10,744],"_links":{"self":[{"href":"http:\/\/rurallascolonias.com.ar\/index.php?rest_route=\/wp\/v2\/posts\/2190"}],"collection":[{"href":"http:\/\/rurallascolonias.com.ar\/index.php?rest_route=\/wp\/v2\/posts"}],"about":[{"href":"http:\/\/rurallascolonias.com.ar\/index.php?rest_route=\/wp\/v2\/types\/post"}],"author":[{"embeddable":true,"href":"http:\/\/rurallascolonias.com.ar\/index.php?rest_route=\/wp\/v2\/users\/5"}],"replies":[{"embeddable":true,"href":"http:\/\/rurallascolonias.com.ar\/index.php?rest_route=%2Fwp%2Fv2%2Fcomments&post=2190"}],"version-history":[{"count":1,"href":"http:\/\/rurallascolonias.com.ar\/index.php?rest_route=\/wp\/v2\/posts\/2190\/revisions"}],"predecessor-version":[{"id":2192,"href":"http:\/\/rurallascolonias.com.ar\/index.php?rest_route=\/wp\/v2\/posts\/2190\/revisions\/2192"}],"wp:attachment":[{"href":"http:\/\/rurallascolonias.com.ar\/index.php?rest_route=%2Fwp%2Fv2%2Fmedia&parent=2190"}],"wp:term":[{"taxonomy":"category","embeddable":true,"href":"http:\/\/rurallascolonias.com.ar\/index.php?rest_route=%2Fwp%2Fv2%2Fcategories&post=2190"},{"taxonomy":"post_tag","embeddable":true,"href":"http:\/\/rurallascolonias.com.ar\/index.php?rest_route=%2Fwp%2Fv2%2Ftags&post=2190"}],"curies":[{"name":"wp","href":"https:\/\/api.w.org\/{rel}","templated":true}]}}