{"id":2187,"date":"2014-04-21T17:57:50","date_gmt":"2014-04-21T17:57:50","guid":{"rendered":"http:\/\/rurallascolonias.com.ar\/?p=2187"},"modified":"2014-04-21T17:57:50","modified_gmt":"2014-04-21T17:57:50","slug":"con-la-mira-puesta-en-el-compromiso-dirigencial-cra-ultima-detalles-para-un-nuevo-congreso","status":"publish","type":"post","link":"http:\/\/rurallascolonias.com.ar\/?p=2187","title":{"rendered":"CON LA MIRA PUESTA EN EL COMPROMISO DIRIGENCIAL, CRA ULTIMA DETALLES  PARA UN NUEVO CONGRESO"},"content":{"rendered":"<h2><a href=\"http:\/\/rurallascolonias.com.ar\/wp-content\/uploads\/2014\/04\/CONGRESO-CRA1.jpg\"><img loading=\"lazy\" class=\"aligncenter wp-image-2188 size-thumbnail\" src=\"http:\/\/rurallascolonias.com.ar\/wp-content\/uploads\/2014\/04\/CONGRESO-CRA1-150x150.jpg\" alt=\"CONGRESO CRA\" width=\"150\" height=\"150\" \/><\/a>El evento se llevar\u00e1 a cabo el 30 y 31 de mayo, en la localidad entrerriana de Gualeguaych\u00fa. \u00bfQui\u00e9nes ser\u00e1n los destacados disertantes?<\/h2>\n<p><!--more--><\/p>\n<p>A un mes y medio de la edici\u00f3n 2014 del Congreso Nacional de CRA, los organizadores presentaron los detalles de una agenda tem\u00e1tica y de disertantes que volver\u00e1 a posicionar al Congreso confederado como un verdadero moj\u00f3n para los productores agropecuarios que se dar\u00e1n cita el 30 y 31 de mayo en la ciudad\u00a0de\u00a0Gualeguaych\u00fa, Entre R\u00edos.<\/p>\n<p>Organizado por\u00a0la Sociedad Rural\u00a0local, integrante de\u00a0la Federaci\u00f3n\u00a0de Asociaciones Rurales de Entre R\u00edos (FARER), entidad que forma parte de CRA, en el Congreso se destacan temas vinculados al compromiso dirigencial hacia el futuro. De esta forma y bajo el lema \u201cCompromiso y Responsabilidad con el Ma\u00f1ana\u201d se espera la asistencia de dirigentes de todo el pa\u00eds, diplom\u00e1ticos, empresarios, comunicadores y, por supuesto, productores agropecuarios para analizar una variada tem\u00e1tica que incluye contenidos sociales, pol\u00edticos y gremiales del sector agropecuario.<\/p>\n<p>La apertura ser\u00e1 en el Teatro Gualeguaych\u00fa, el viernes\u00a030, a\u00a0las 10 horas, con la presentaci\u00f3n de las Confederaciones de todo el pa\u00eds. Posteriormente hablar\u00e1 el presidente de la entidad organizadora, Javier Melchiori y el Intendente Juan Jos\u00e9 Bahillo dar\u00e1 la bienvenida. Hablar\u00e1n en la apertura el titular de FARER, Jorge Chemes y el presidente de Confederaciones Rurales Argentina, Rub\u00e9n Ferrero.<\/p>\n<p><strong>Las disertaciones<\/strong><\/p>\n<p>El primer ciclo de conferencias ser\u00e1 de la mano del Monse\u00f1or Jorge Lozano, con la tem\u00e1tica: \u201cUna mirada hacia el interior del hombre de campo\u201d. Luego se presentar\u00e1 Juan Jos\u00e9 Aranguren, presidente de Shell, explicando \u201cEl \u00e9xito de la gesti\u00f3n empresaria\u201d. El bloque\u00a0 culminar\u00e1 con la tem\u00e1tica sobre \u201cCompromiso Social\u201d.<\/p>\n<p>Por la tarde y en el Predio Ferial de\u00a0la Sociedad\u00a0Rural\u00a0de Gualeguaych\u00fa, disertar\u00e1n sobre \u201cLas entidades y su futuro. Estrategias de financiamiento. Experiencias\u201d, el vice presidente de\u00a0la Federaci\u00f3n Agraria\u00a0de R\u00edo Grande do Sul FARSUL (Brasil), Gede\u00e3o Pereira y el presidente de\u00a0la Sociedad Nacional\u00a0de Agricultura SNA (Chile), Patricio Crespo. M\u00e1s tarde se escuchar\u00e1 al Decano de\u00a0la Facultad\u00a0de Ciencias Agrarias de\u00a0la Universidad\u00a0de Belgrano, Leonardo Galagurry, exponiendo sobre \u201cLa comunicaci\u00f3n desde el sector\u201d. Minutos despu\u00e9s habr\u00e1 un taller con las conclusiones que coordinar\u00e1 el Profesor Cesar Gristein.<\/p>\n<p>El cierre del primer d\u00eda estar\u00e1 a cargo del periodista Marcelo Longobardi, exponiendo sobre \u201cActualidad pol\u00edtica y econ\u00f3mica\u201d.<\/p>\n<p><strong>La jornada del s\u00e1bado 31 de mayo<\/strong><\/p>\n<p>El s\u00e1bado 31 se renovar\u00e1n las actividades con la presencia de los Agregados Agr\u00edcolas de las Embajadas de EE UU, Australia y Nueva Zelanda dejando su visi\u00f3n sobre las \u201cPol\u00edticas agropecuarias en el mundo\u201d. Luego de estos panelistas internacionales llegar\u00e1 el turno de funcionarios de gobiernos provinciales, en el panel denominado \u201cDi\u00e1logo y construcci\u00f3n gobierno y campo\u201d, que estar\u00e1 a cargo de ministros de agricultura de tres provincias: el ministro de Producci\u00f3n, Trabajo y Turismo de Corrientes, Jorge Vara, su par de Producci\u00f3n de Santa F\u00e9, Carlos Fascendini y el ministro del Campo del Gobierno de San Luis, Felipe Tomasevich.<\/p>\n<p>Tras estos oradores la propuesta\u00a0ser\u00e1 la del Taller de Acci\u00f3n Gremial coordinado por C\u00e9sar Grinstein. Por la tarde llegar\u00e1 el momento de Adolfo Castro Almeyra quien hablar\u00e1 sobre\u00a0como\u00a0\u201cDefender nuestro sector. Estrategias. Valoraci\u00f3n ante la sociedad\u201d.<\/p>\n<p>El tinte pol\u00edtico y la mirada puesta en el futuro tendr\u00e1 su momento con el panel\u00a0de candidatos a presidente del pa\u00eds, bajo el concepto \u201cEscenario electoral 2015. Dirigentes y el campo\u201d. Ya a la hora de cierre Rub\u00e9n Ferrero, titular de CRA, brindar\u00e1 las palabras de conclusiones.<\/p>\n<p><strong>Fuente: Prensa CRA<\/strong><\/p>\n<p>&nbsp;<\/p>\n","protected":false},"excerpt":{"rendered":"<p>El evento se llevar\u00e1 a cabo el 30 y 31 de mayo, en la localidad entrerriana de Gualeguaych\u00fa. \u00bfQui\u00e9nes ser\u00e1n los destacados disertantes?<\/p>\n","protected":false},"author":5,"featured_media":0,"comment_status":"open","ping_status":"open","sticky":false,"template":"","format":"standard","meta":[],"categories":[14],"tags":[443,399],"_links":{"self":[{"href":"http:\/\/rurallascolonias.com.ar\/index.php?rest_route=\/wp\/v2\/posts\/2187"}],"collection":[{"href":"http:\/\/rurallascolonias.com.ar\/index.php?rest_route=\/wp\/v2\/posts"}],"about":[{"href":"http:\/\/rurallascolonias.com.ar\/index.php?rest_route=\/wp\/v2\/types\/post"}],"author":[{"embeddable":true,"href":"http:\/\/rurallascolonias.com.ar\/index.php?rest_route=\/wp\/v2\/users\/5"}],"replies":[{"embeddable":true,"href":"http:\/\/rurallascolonias.com.ar\/index.php?rest_route=%2Fwp%2Fv2%2Fcomments&post=2187"}],"version-history":[{"count":1,"href":"http:\/\/rurallascolonias.com.ar\/index.php?rest_route=\/wp\/v2\/posts\/2187\/revisions"}],"predecessor-version":[{"id":2189,"href":"http:\/\/rurallascolonias.com.ar\/index.php?rest_route=\/wp\/v2\/posts\/2187\/revisions\/2189"}],"wp:attachment":[{"href":"http:\/\/rurallascolonias.com.ar\/index.php?rest_route=%2Fwp%2Fv2%2Fmedia&parent=2187"}],"wp:term":[{"taxonomy":"category","embeddable":true,"href":"http:\/\/rurallascolonias.com.ar\/index.php?rest_route=%2Fwp%2Fv2%2Fcategories&post=2187"},{"taxonomy":"post_tag","embeddable":true,"href":"http:\/\/rurallascolonias.com.ar\/index.php?rest_route=%2Fwp%2Fv2%2Ftags&post=2187"}],"curies":[{"name":"wp","href":"https:\/\/api.w.org\/{rel}","templated":true}]}}