{"id":2154,"date":"2014-04-18T15:04:43","date_gmt":"2014-04-18T15:04:43","guid":{"rendered":"http:\/\/rurallascolonias.com.ar\/?p=2154"},"modified":"2014-04-18T15:04:43","modified_gmt":"2014-04-18T15:04:43","slug":"plazos-para-solicitar-la-emergencia-rural","status":"publish","type":"post","link":"http:\/\/rurallascolonias.com.ar\/?p=2154","title":{"rendered":"PLAZOS PARA SOLICITAR LA EMERGENCIA RURAL"},"content":{"rendered":"<p>&nbsp;<\/p>\n<p style=\"color: #4b4b4b;\"><em><a href=\"http:\/\/rurallascolonias.com.ar\/wp-content\/uploads\/2014\/04\/emergencia-rural.jpg\"><img loading=\"lazy\" class=\"aligncenter size-full wp-image-2155\" src=\"http:\/\/rurallascolonias.com.ar\/wp-content\/uploads\/2014\/04\/emergencia-rural.jpg\" alt=\"emergencia rural\" width=\"394\" height=\"201\" srcset=\"http:\/\/rurallascolonias.com.ar\/wp-content\/uploads\/2014\/04\/emergencia-rural.jpg 394w, http:\/\/rurallascolonias.com.ar\/wp-content\/uploads\/2014\/04\/emergencia-rural-300x153.jpg 300w\" sizes=\"(max-width: 394px) 100vw, 394px\" \/><\/a>Hasta el lunes 19 de mayo, las agencias zonales del Ministerio de Agricultura de la Provincia recibir\u00e1n las declaraciones de productores afectados por excesos h\u00eddricos (precipitaciones o desbordes de cursos de agua), de acuerdo a lo resuelto por la Comisi\u00f3n Provincial de Emergencia Agropecuaria.<\/em><!--more--><\/p>\n<p style=\"color: #4b4b4b;\">La cartera rural destac\u00f3 como novedad que es la primera vez, desde que entr\u00f3 en vigencia la ley provincial 7.121, que se utiliza el criterio de delimitaci\u00f3n de \u00e1rea a partir del concepto de \u00abcuenca h\u00eddrica\u00bb.<\/p>\n<p style=\"color: #4b4b4b;\">Se entiende por cuenca h\u00eddrica a todo sistema que explica un comportamiento determinado de los escurrimientos en una zona geogr\u00e1fica con caracter\u00edsticas similares. En este caso, la magnitud de los fen\u00f3menos clim\u00e1ticos que vienen ocurriendo desde fines de enero a la fecha (grandes milimetrajes de lluvia y desbordes de r\u00edos) gener\u00f3 que resulten insuficientes para determinar las zonas los l\u00edmites de los departamentos o pedan\u00edas, como se hace habitualmente. Esto sucede porque las zonas afectadas se encuentran en distintas regiones de la provincia, se explic\u00f3.<\/p>\n<p style=\"color: #4b4b4b;\">En este caso, como no es el l\u00edmite de divisi\u00f3n pol\u00edtica el determinante de las \u00e1reas anegadas, la propuesta permitir\u00e1 incluir a todos los establecimientos perjudicados, sin importar su ubicaci\u00f3n. El productor afectado debe presentar la declaraci\u00f3n jurada de da\u00f1os, y si estos superan el 50 por ciento de la producci\u00f3n, estar\u00e1 incluido dentro del estado de emergencia.<\/p>\n<p style=\"color: #4b4b4b;\">Otro dato importante es que para un relevamiento m\u00e1s preciso de las zonas, se est\u00e1n utilizando im\u00e1genes satelitales para cruzarlas con los datos de georreferencia reportados por los propios productores, sobre la ubicaci\u00f3n de su establecimiento.<\/p>\n<p style=\"color: #4b4b4b;\">El per\u00edodo de vigencia de esta propuesta de emergencia va se prolongar\u00e1 hasta el 1\u00ba de septiembre. Si alguna zona contin\u00faa luego de este plazo con excesos h\u00eddricos, la comisi\u00f3n propondr\u00e1 la pr\u00f3rroga de los beneficios (pr\u00f3rroga del Inmobiliario Rural y exenci\u00f3n si se supera el 70 por ciento de afectaci\u00f3n).<\/p>\n<p style=\"color: #4b4b4b;\">Con estos datos, se puede direccionar otro tipo de ayuda, como la distribuci\u00f3n de alimento balanceado a productores pecuarios con d\u00e9ficit de pasturas o forrajes, inform\u00f3 el Ministerio de Agricultura.<\/p>\n<p style=\"color: #4b4b4b;\"><strong>Ayuda financiera<\/strong><\/p>\n<p style=\"color: #4b4b4b;\">La legisladora Alejandra Matar (UCR), titular de la comisi\u00f3n de Agricultura en la Unicameral demand\u00f3 la asistencia financiera para los afectados. Observ\u00f3 que \u00abrecurrentemente, a\u00f1o tras a\u00f1o, se declara la emergencia agropecuaria en la provincia por sequ\u00edas, granizo, inundaciones, etc\u00e9tera, pero hasta ahora la soluci\u00f3n siempre ha sido diferimiento impositivo y poco se ha hecho con respecto a asistir financieramente a los productores agropecuarios\u00bb.<\/p>\n<p style=\"color: #4b4b4b;\">La voz del interior<\/p>\n","protected":false},"excerpt":{"rendered":"<p>&nbsp; Hasta el lunes 19 de mayo, las agencias zonales del Ministerio de Agricultura de la Provincia recibir\u00e1n las declaraciones de productores afectados por excesos h\u00eddricos (precipitaciones o desbordes de cursos de agua), de acuerdo a lo resuelto por la Comisi\u00f3n Provincial de Emergencia Agropecuaria.<\/p>\n","protected":false},"author":5,"featured_media":0,"comment_status":"open","ping_status":"open","sticky":false,"template":"","format":"standard","meta":[],"categories":[42],"tags":[842,840,841],"_links":{"self":[{"href":"http:\/\/rurallascolonias.com.ar\/index.php?rest_route=\/wp\/v2\/posts\/2154"}],"collection":[{"href":"http:\/\/rurallascolonias.com.ar\/index.php?rest_route=\/wp\/v2\/posts"}],"about":[{"href":"http:\/\/rurallascolonias.com.ar\/index.php?rest_route=\/wp\/v2\/types\/post"}],"author":[{"embeddable":true,"href":"http:\/\/rurallascolonias.com.ar\/index.php?rest_route=\/wp\/v2\/users\/5"}],"replies":[{"embeddable":true,"href":"http:\/\/rurallascolonias.com.ar\/index.php?rest_route=%2Fwp%2Fv2%2Fcomments&post=2154"}],"version-history":[{"count":1,"href":"http:\/\/rurallascolonias.com.ar\/index.php?rest_route=\/wp\/v2\/posts\/2154\/revisions"}],"predecessor-version":[{"id":2156,"href":"http:\/\/rurallascolonias.com.ar\/index.php?rest_route=\/wp\/v2\/posts\/2154\/revisions\/2156"}],"wp:attachment":[{"href":"http:\/\/rurallascolonias.com.ar\/index.php?rest_route=%2Fwp%2Fv2%2Fmedia&parent=2154"}],"wp:term":[{"taxonomy":"category","embeddable":true,"href":"http:\/\/rurallascolonias.com.ar\/index.php?rest_route=%2Fwp%2Fv2%2Fcategories&post=2154"},{"taxonomy":"post_tag","embeddable":true,"href":"http:\/\/rurallascolonias.com.ar\/index.php?rest_route=%2Fwp%2Fv2%2Ftags&post=2154"}],"curies":[{"name":"wp","href":"https:\/\/api.w.org\/{rel}","templated":true}]}}