{"id":2127,"date":"2014-04-15T15:59:02","date_gmt":"2014-04-15T15:59:02","guid":{"rendered":"http:\/\/rurallascolonias.com.ar\/?p=2127"},"modified":"2014-04-15T15:59:02","modified_gmt":"2014-04-15T15:59:02","slug":"camino-al-2015-los-planes-de-macri-para-el-campo","status":"publish","type":"post","link":"http:\/\/rurallascolonias.com.ar\/?p=2127","title":{"rendered":"CAMINO AL 2015: LOS PLANES DE MACRI PARA EL CAMPO"},"content":{"rendered":"<div><a href=\"http:\/\/rurallascolonias.com.ar\/wp-content\/uploads\/2014\/04\/Macri.jpg\"><img loading=\"lazy\" class=\"aligncenter size-full wp-image-2128\" alt=\"Macri\" src=\"http:\/\/rurallascolonias.com.ar\/wp-content\/uploads\/2014\/04\/Macri.jpg\" width=\"184\" height=\"106\" \/><\/a>El jefe de Gobierno porte\u00f1o mantuvo un encuentro con los referentes de la Mesa de Enlace<\/div>\n<div><span style=\"line-height: 1.714285714; font-size: 1rem;\">La semana pasada, el jefe de Gobierno porte\u00f1o, Mauricio Macri, se<\/span><a style=\"line-height: 1.714285714; font-size: 1rem;\" href=\"http:\/\/supercampo.perfil.com\/2014\/04\/macri-se-reunio-con-el-campo-y-presento-sus-ideas-para-2015\/\" target=\"_blank\"><span>\u00a0reuni\u00f3\u00a0<\/span><\/a><span style=\"line-height: 1.714285714; font-size: 1rem;\">en su despacho con los presidentes de la Federaci\u00f3n Agraria Argentina (FAA), Eduardo Buzzi; de la Sociedad Rural Argentina (SRA), Luis Etchevehere; de Coninagro, Carlos Garetto, y de\u00a0<\/span><strong style=\"line-height: 1.714285714; font-size: 1rem;\">Confederaciones Rurales Argentinas (CRA), Rub\u00e9n Ferrero.<!--more--><\/strong><\/div>\n<div>\n<p align=\"justify\">All\u00ed, les present\u00f3 sus\u00a0proyectos en materia de agroindustria con vistas a una posible postulaci\u00f3n presidencial. Esta \u201cPropuesta de Pol\u00edtica Agroindustrial 2015-2019\u2033 fue elaborada por especialistas del PRO junto a Fundaci\u00f3n Pensar, y consta de trece puntos.<\/p>\n<p align=\"justify\">\u201cLos dos objetivos b\u00e1sicos de un modelo de desarrollo nacional son aumentar la producci\u00f3n econ\u00f3mica y que toda la poblaci\u00f3n se beneficie con ese desarrollo. El sector agroindustrial, que incluye al sector agropecuario pero lo excede largamente a trav\u00e9s del desarrollo de las cadenas de valor, puede ser uno de los motores fundamentales para alcanzar esos objetivos\u201d, inicia el documento, al tiempo que agrega: \u201cEl modelo que proponemos tiene como objetivo abastecer tanto exportaciones crecientes como consumo interno. Un fuerte aumento de la producci\u00f3n y de su valor permitir\u00e1 este doble objetivo, asegurando el abastecimiento alimentario a precios razonables y el crecimiento del ingreso de divisas.\u00a0Esta sinergia ser\u00e1 la verdadera defensa de la\u00a0<i>mesa de los argentinos<\/i>\u201c.<\/p>\n<p align=\"justify\">Tambi\u00e9n aclara que no se trata solamente del \u201ccrecimiento de la agroindustria de escala comercial e inserci\u00f3n a los mercados mundiales, sino tambi\u00e9n la llamada agricultura familiar\u201d.<\/p>\n<p align=\"justify\">Los trece puntos de Macri<\/p>\n<p align=\"justify\">1 \u2013 Apertura de las exportaciones y eliminaci\u00f3n de los ROEs.<\/p>\n<p align=\"justify\">2 \u2013 Competencia y transparencia en el mercado interno de productos e insumos agroindustriales, que incluye la eliminaci\u00f3n de precios sugeridos, cuidados o m\u00e1ximos y la eliminaci\u00f3n de las \u201cintervenciones o injerencias arbitrarias\u201d.<\/p>\n<p align=\"justify\">3 \u2013 Reducci\u00f3n y eliminaci\u00f3n de derechos de exportaci\u00f3n de todos los granos y cereales y sus subproductos, de los productos de las econom\u00edas regionales y de todas las carnes. Para el PRO, estos derechos son \u201cimpuestos distorsivos\u201d.<\/p>\n<p align=\"justify\">4 \u2013 Reducci\u00f3n general de los niveles de presi\u00f3n tributaria efectiva.<\/p>\n<p align=\"justify\">5 \u2013 Amortizaci\u00f3n acelerada de inversiones.<\/p>\n<p align=\"justify\">6 \u2013 Simplificaci\u00f3n de la normativa y reglamentaci\u00f3n impositiva.<\/p>\n<p align=\"justify\">7 \u2013 Infraestructura para la producci\u00f3n, la competitividad y el desarrollo, medida que incluye diversificar y potenciar la matriz de transporte.<\/p>\n<p align=\"justify\">8 \u2013 Ley Nacional sobre Pol\u00edticas de Fomento Agroindustrial para ordenar, priorizar, presupuestar y controlar todas las normas de fomento que hoy existen dispersas y desordenadas.<\/p>\n<p align=\"justify\">9 \u2013 Carne vacuna: propuestas espec\u00edficas para revertir ocho a\u00f1os de errores. En este punto, propone eliminar los mecanismos de ROE y \u201cencajes\u201d y eliminar las retenciones a las carnes y cueros, as\u00ed como promover las negociaciones bilaterales y desgravar de manera acelerada las inversiones en forrajes, gen\u00e9tica, sanidad e infraestructura, entre otras medidas.<\/p>\n<p align=\"justify\">10 \u2013 Lecher\u00eda: creaci\u00f3n del \u201cprecio de pizarra l\u00e1cteo\u201d, con la participaci\u00f3n del sector privado y auditor\u00eda p\u00fablica, para la formaci\u00f3n de precios transparentes en todos los eslabones de la cadena; industrializaci\u00f3n de la materia prima.<\/p>\n<p align=\"justify\">11 \u2013 Recuperaci\u00f3n del Renatre (Registro Nacional de Trabajadores Rurales y Empleadores Rurales).<\/p>\n<p align=\"justify\">12 \u2013 Nueva estrategia de relaciones econ\u00f3micas internacionales, que apunta a una pol\u00edtica proactiva de acceso y recuperaci\u00f3n de mercados.<\/p>\n<p align=\"justify\">13 \u2013 Creaci\u00f3n del Ministerio de Agroindustria, \u201cen l\u00ednea con el modelo de pa\u00eds y visi\u00f3n agroindustrial que planteamos\u201d. Contar\u00e1 con un\u00a0\u201cConsejo de Di\u00e1logo Permanente\u201d, espacio de debate e interacci\u00f3n p\u00fablico-privada y consultivo de los Poderes Ejecutivo y Legislativo nacionales. \u201cAll\u00ed podr\u00e1n participar todos los actores, cadenas y subsectores de la agroindustria.\u00a0Creemos que el di\u00e1logo y el intercambio de ideas mejora el dise\u00f1o de pol\u00edticas p\u00fablicas: as\u00ed actuamos en el Gobierno de la Ciudad y as\u00ed queremos institucionalizarlo a nivel nacional\u201c, indica el documento.<\/p>\n<div>Fuente:\u00a0<a title=\"Super Campo\" href=\"http:\/\/supercampo.perfil.com\/\">Super Campo<\/a><\/div>\n<p>&nbsp;<\/p>\n<div><\/div>\n<\/div>\n","protected":false},"excerpt":{"rendered":"<p>El jefe de Gobierno porte\u00f1o mantuvo un encuentro con los referentes de la Mesa de Enlace La semana pasada, el jefe de Gobierno porte\u00f1o, Mauricio Macri, se\u00a0reuni\u00f3\u00a0en su despacho con los presidentes de la Federaci\u00f3n Agraria Argentina (FAA), Eduardo Buzzi; de la Sociedad Rural Argentina (SRA), Luis Etchevehere; de Coninagro, Carlos Garetto, y de\u00a0Confederaciones Rurales [&hellip;]<\/p>\n","protected":false},"author":5,"featured_media":0,"comment_status":"open","ping_status":"open","sticky":false,"template":"","format":"standard","meta":[],"categories":[33],"tags":[],"_links":{"self":[{"href":"http:\/\/rurallascolonias.com.ar\/index.php?rest_route=\/wp\/v2\/posts\/2127"}],"collection":[{"href":"http:\/\/rurallascolonias.com.ar\/index.php?rest_route=\/wp\/v2\/posts"}],"about":[{"href":"http:\/\/rurallascolonias.com.ar\/index.php?rest_route=\/wp\/v2\/types\/post"}],"author":[{"embeddable":true,"href":"http:\/\/rurallascolonias.com.ar\/index.php?rest_route=\/wp\/v2\/users\/5"}],"replies":[{"embeddable":true,"href":"http:\/\/rurallascolonias.com.ar\/index.php?rest_route=%2Fwp%2Fv2%2Fcomments&post=2127"}],"version-history":[{"count":1,"href":"http:\/\/rurallascolonias.com.ar\/index.php?rest_route=\/wp\/v2\/posts\/2127\/revisions"}],"predecessor-version":[{"id":2129,"href":"http:\/\/rurallascolonias.com.ar\/index.php?rest_route=\/wp\/v2\/posts\/2127\/revisions\/2129"}],"wp:attachment":[{"href":"http:\/\/rurallascolonias.com.ar\/index.php?rest_route=%2Fwp%2Fv2%2Fmedia&parent=2127"}],"wp:term":[{"taxonomy":"category","embeddable":true,"href":"http:\/\/rurallascolonias.com.ar\/index.php?rest_route=%2Fwp%2Fv2%2Fcategories&post=2127"},{"taxonomy":"post_tag","embeddable":true,"href":"http:\/\/rurallascolonias.com.ar\/index.php?rest_route=%2Fwp%2Fv2%2Ftags&post=2127"}],"curies":[{"name":"wp","href":"https:\/\/api.w.org\/{rel}","templated":true}]}}