{"id":2078,"date":"2014-04-11T17:40:31","date_gmt":"2014-04-11T17:40:31","guid":{"rendered":"http:\/\/rurallascolonias.com.ar\/?p=2078"},"modified":"2014-04-11T17:40:31","modified_gmt":"2014-04-11T17:40:31","slug":"por-la-inseguridad-en-zonas-rurales-carsfe-solicito-la-implementacion-de-un-plan-de-contingencia","status":"publish","type":"post","link":"http:\/\/rurallascolonias.com.ar\/?p=2078","title":{"rendered":"POR LA INSEGURIDAD EN ZONAS RURALES, CARSFE SOLICIT\u00d3 LA IMPLEMENTACI\u00d3N DE UN PLAN DE CONTINGENCIA"},"content":{"rendered":"<h2><a href=\"http:\/\/rurallascolonias.com.ar\/wp-content\/uploads\/2014\/04\/plan-de-contingencia.jpg\"><img loading=\"lazy\" class=\"aligncenter size-full wp-image-2079\" alt=\"plan de contingencia\" src=\"http:\/\/rurallascolonias.com.ar\/wp-content\/uploads\/2014\/04\/plan-de-contingencia.jpg\" width=\"259\" height=\"194\" \/><\/a>La entidad santafesina que preside Francisco Mayoraz emiti\u00f3 un comunicado para reflejar la dif\u00edcil situaci\u00f3n que atraviesan quienes viven fuera de los centros urbanos.<!--more--><\/h2>\n<p class=\"MsoNormal\"><span lang=\"ES-TRAD\">La Confederaci\u00f3n de Asociaciones Rurales de Santa Fe (CARSFE), emiti\u00f3 un comunicado para \u00a0transmitir la preocupaci\u00f3n de los productores agropecuarios de todo el territorio provincial, ante la reiteraci\u00f3n y agravamiento de casos delictivos, ya no solamente el robo de la producci\u00f3n (abigeato, producci\u00f3n granaria, maquinaria, etc), sino contra la integridad f\u00edsica de los mismos productores.<\/span><\/p>\n<p>&nbsp;<\/p>\n<p class=\"MsoNormal\">\u201c<span lang=\"ES-TRAD\">Remarcamos la necesidad de que todos los organismos p\u00fablicos, a trav\u00e9s de sus poderes \u2013 Ejecutivo \u2013 Legislativo y Judicial \u2013 elaboren en forma urgente un plan de contingencia para tratar de frenar el avance de la delincuencia, que ya no s\u00f3lo se ve reflejado en zonas urbanas, sino que ha llegado de manera compulsiva a las zonas rurales, donde lamentablemente la desprotecci\u00f3n es m\u00e1s notable, por encontrarse en soledad y lejos de cualquier unidad de protecci\u00f3n\u201d, indicaron los dirigentes de la entidad.<\/span><\/p>\n<p>&nbsp;<\/p>\n<p class=\"MsoNormal\"><span lang=\"ES-TRAD\">El documento concluye remarcando la importancia de \u201cproteger no s\u00f3lo los bienes y las personas, sino la idea misma de defender las fuentes de trabajo y de producci\u00f3n contra aquellos que est\u00e1n al margen de la ley\u201d.<\/span><\/p>\n<p>&nbsp;<\/p>\n<p class=\"p1 margin-top\"><strong>Fuente: Nuestro Agro<\/strong><\/p>\n","protected":false},"excerpt":{"rendered":"<p>La entidad santafesina que preside Francisco Mayoraz emiti\u00f3 un comunicado para reflejar la dif\u00edcil situaci\u00f3n que atraviesan quienes viven fuera de los centros urbanos.<\/p>\n","protected":false},"author":5,"featured_media":0,"comment_status":"closed","ping_status":"closed","sticky":false,"template":"","format":"standard","meta":[],"categories":[42],"tags":[813,815,814],"_links":{"self":[{"href":"http:\/\/rurallascolonias.com.ar\/index.php?rest_route=\/wp\/v2\/posts\/2078"}],"collection":[{"href":"http:\/\/rurallascolonias.com.ar\/index.php?rest_route=\/wp\/v2\/posts"}],"about":[{"href":"http:\/\/rurallascolonias.com.ar\/index.php?rest_route=\/wp\/v2\/types\/post"}],"author":[{"embeddable":true,"href":"http:\/\/rurallascolonias.com.ar\/index.php?rest_route=\/wp\/v2\/users\/5"}],"replies":[{"embeddable":true,"href":"http:\/\/rurallascolonias.com.ar\/index.php?rest_route=%2Fwp%2Fv2%2Fcomments&post=2078"}],"version-history":[{"count":1,"href":"http:\/\/rurallascolonias.com.ar\/index.php?rest_route=\/wp\/v2\/posts\/2078\/revisions"}],"predecessor-version":[{"id":2080,"href":"http:\/\/rurallascolonias.com.ar\/index.php?rest_route=\/wp\/v2\/posts\/2078\/revisions\/2080"}],"wp:attachment":[{"href":"http:\/\/rurallascolonias.com.ar\/index.php?rest_route=%2Fwp%2Fv2%2Fmedia&parent=2078"}],"wp:term":[{"taxonomy":"category","embeddable":true,"href":"http:\/\/rurallascolonias.com.ar\/index.php?rest_route=%2Fwp%2Fv2%2Fcategories&post=2078"},{"taxonomy":"post_tag","embeddable":true,"href":"http:\/\/rurallascolonias.com.ar\/index.php?rest_route=%2Fwp%2Fv2%2Ftags&post=2078"}],"curies":[{"name":"wp","href":"https:\/\/api.w.org\/{rel}","templated":true}]}}