{"id":2041,"date":"2014-04-09T17:07:25","date_gmt":"2014-04-09T17:07:25","guid":{"rendered":"http:\/\/rurallascolonias.com.ar\/?p=2041"},"modified":"2014-04-09T17:07:25","modified_gmt":"2014-04-09T17:07:25","slug":"lluvias-jaquean-a-la-lecheria","status":"publish","type":"post","link":"http:\/\/rurallascolonias.com.ar\/?p=2041","title":{"rendered":"LLUVIAS JAQUEAN A LA LECHERIA"},"content":{"rendered":"<p><a href=\"http:\/\/rurallascolonias.com.ar\/wp-content\/uploads\/2014\/04\/lluvias-jaquean-lecheria.jpg\"><img loading=\"lazy\" class=\"aligncenter size-full wp-image-2042\" alt=\"lluvias jaquean lecheria\" src=\"http:\/\/rurallascolonias.com.ar\/wp-content\/uploads\/2014\/04\/lluvias-jaquean-lecheria.jpg\" width=\"252\" height=\"189\" \/><\/a>En algunas \u00e1reas de la zona n\u00facleo cayeron 160 mm. Hay rutas cortadas y caminos rurales anegados. Hace varios d\u00edas que la zona central del pa\u00eds sufre una seguidilla de lluvias y tormentas muy intensas, algunas incluso acompa\u00f1adas de granizo. <!--more-->Un informe de la Bolsa de Comercio de Rosario (BCR) indic\u00f3 ayer que \u201cel centro y sur de la provincia de Buenos Aires y el oeste Cordob\u00e9s fueron tambi\u00e9n afectados. En la regi\u00f3n n\u00facleo durante el fin de semana, se desarrollaron importantes acumulados. Las lluvias superaron los 40 mm y alcanzaron picos de 160 mm\u201c. El documento agreg\u00f3 que \u201cse destacan los acumulados del sur de Santa Fe, en Rufino con 143 mm y en el norte de la regi\u00f3n n\u00facleo, en el corredor norte, desde Irigoyen, Santa Fe, que recibi\u00f3 160 mm hasta Pozo del Molle, C\u00f3rdoba, con precipitaciones de 166 mm\u201d. Esta situaci\u00f3n llev\u00f3 a que varias zonas sufran, como se\u00f1al\u00f3 la BCR, la acumulaci\u00f3n de m\u00e1s de 100 mm de agua. Los departamentos santafecinos de Castellanos y Las Colonias son de los m\u00e1s perjudicados. En esa regi\u00f3n lechera santafecina las cifras de tambos que cerraron y de hacienda que se ha movido por este tema no son definitivas. Es que en medio de la cat\u00e1strofe, primero hay que solucionar las urgencias. Para Ra\u00fal Roba, delegado de SENASA local, la situaci\u00f3n en Bauer y Sigel est\u00e1 muy complicada. \u201cEncima nos agarra en medio de la campa\u00f1a de vacunaci\u00f3n\u201d, agrega. Destaca que hay mucha incertidumbre entre los productores, quienes est\u00e1n trasladando la hacienda como pueden. \u201cSe remat\u00f3 un tambo hace un mes y hoy la gente est\u00e1 sacando el 70 % de los animales de la colonia. Algunos siguen como pueden, viendo alguna posibilidad que esto se recomponga, mientras tanto trasladan la hacienda. Si bien el agua est\u00e1 corriendo, desde el \u00faltimo viernes a hoy sigue viniendo agua desde C\u00f3rdoba, expandi\u00e9ndose a lugares donde antes no llegaba\u201d. Y agreg\u00f3 que la zona urbana de Bauer se est\u00e1 defendiendo, pero en la zona rural ha habido evacuados. \u201cEstimo que un 35 % de la hacienda ya se traslad\u00f3, y creo que un 60 % del total lo va a hacer en los pr\u00f3ximos d\u00edas\u201d, arriesg\u00f3. Respecto de la ayuda, remarc\u00f3 que la comuna y a la provincia hacen todo lo que est\u00e1 a su alcance, pero que mientras tanto hay que esperar que el agua escurra. \u201cEsto ahora es s\u00f3lo una cuesti\u00f3n de tiempo\u201d. La familia Porta explota tres tambos en la zona, todos damnificados en mayor o menor medida por este fen\u00f3meno. Al sur de Vila, al l\u00edmite con San Antonio y en Santa Clara. Como si esto fuera poco, est\u00e1n afectado por algunos canales que se improvisaron para descargar campos linderos, y ese agua se les encajona en el tambo. \u201cDesde noviembre estamos con agua en el campo. A un tambo lo estamos cerrando, y a los otros dos los estamos aguantando, pero si llueven 50 mm. tambi\u00e9n los tendremos que cerrar\u201d, se lamenta Marianela Porta. Encima el fen\u00f3meno los castiga cuando se hab\u00edan ilusionado con el emprendimiento y se hab\u00edan largado a invertir en mejoras de la estructura productiva. La alternativa es dar los animales por tres a\u00f1os, lo que equivale a salir del negocio definitivamente. \u201cNos hablaron por los animales por tres a\u00f1os, pero no nos cierra, justo cuando hab\u00edamos sacado cr\u00e9ditos, invertimos en los corrales, ventiladores para la hacienda. Si todo estuviera normal, en 10 d\u00edas estar\u00edamos terminando la obra\u201d, agrega con amargura. En declaraciones registradas por\u00a0 Campolitoral, Porta recuerda que en 2012 llovieron 400 mm. en dos d\u00edas, pero que el agua no los afect\u00f3 como ahora porque escurri\u00f3 mejor. Eso les permiti\u00f3 resembrar, y en invierno no sufrieron la sequ\u00eda. \u201cEso nos anim\u00f3. Y mir\u00e1 como estamos ahora. Encima el problema no es cuando nos llueve a nosotros, sino a Santa Clara, que nos deriva ese agua de los canales que hicieron los particulares. Estamos a un km. del canal Vila Culul\u00fa\u201d, denunci\u00f3. Para esta productora, el estudio topogr\u00e1fico que reclaman desde Santa Clara no est\u00e1 terminado, y reci\u00e9n se espera alguna novedad para el primer semestre del a\u00f1o. \u201cLa provincia tiene un Ingeniero H\u00eddrico para cuatro Comit\u00e9s de cuenca, con todos los problemas que hay en cada regi\u00f3n. En febrero cuando estaban todos de vacaciones la m\u00e1quina qued\u00f3 enterrada hasta la mitad, no se pudo recuperar y no hay herramientas para trabajar\u201d. Para los Porta, un tambo de 250 animales, se van a quedar con unas 100 vacas, con el agravante de no poder trillar los ma\u00edces para el invierno. \u201cSi logramos seguir produciendo ser\u00e1 a un costo alt\u00edsimo. Somos netamente tamberos, si perdemos el tambo perdemos todo\u201d, expres\u00f3. Del estr\u00e9s cal\u00f3rico por la sequ\u00eda, las vacas santafesinas pasaron al escenario de lluvias que le siguieron, y que hicieron que los rodeos lecheros sumen mayor estr\u00e9s y mayor ca\u00edda en la producci\u00f3n. \u201cEsa ca\u00edda se estima que oscila entre el 10 % en los establecimientos mejor preparados, hasta el 35 %\u201d, dispara el M\u00e9d. Vet. sancarlino Carlos Sola, profesional de dilatada trayectoria y especializado en los per\u00edodos de transici\u00f3n. \u201cDe la ruta 19 para el lado de Esperanza y Las Tunas, las vacas apenas tienen lugar donde comer. Es un verano antilechero\u201d, sintetiza. Para Sola, el gran problema no es la coyuntura, sino lo que va a significar en la producci\u00f3n. \u201cHay picos de partos que se van a prolongar un par de meses, vacas con mortandades del 10% por estr\u00e9s. Los picos de producci\u00f3n no ser\u00e1n los mejores\u201d, resume el escenario. Est\u00e1 claro que quienes tengan m\u00e1s controlado el bienestar animal lo sobrellevar\u00e1n mejor, pero dice observar patolog\u00edas claramente asociadas con el fen\u00f3meno. \u201cVemos muchos abortos y pre\u00f1eces (concepci\u00f3n) entre el 8 y el 20 %, mucha cantidad de vacas con retenci\u00f3n de l\u00edquidos despu\u00e9s del parto. 2014 ser\u00e1 un a\u00f1o de una ca\u00edda en la producci\u00f3n individual y por tambo no ser\u00e1 destacado, ah\u00ed se destacar\u00e1 la gesti\u00f3n en cada establecimiento, sobre todo a nivel interdisciplinario. Cada equipo de trabajo deber\u00e1 involucrarse en esto. Veo una gran cantidad de p\u00e9rdidas en las alfalfas, lo \u00fanico bueno es que hay unos ma\u00edces y sorgos para silo con vol\u00famenes muy interesantes (3.5 has. a 4 llenando la bolsa) con un material de buena calidad\u201d. Eso s\u00ed, habr\u00e1 que reducir el consumo de pasturas, ver qu\u00e9 verdeo de invierno se puede hacer y aumentar el consumo de silo, pero eso se compensa con un nivel de prote\u00edna adecuado (soja, girasol, ureas, etc.). Sola tambi\u00e9n apunta a acomodar los pisos, las patas, y ver que habr\u00e1 en el mercado de alimentos para complementar los pocos rollos que puede haber, m\u00e1s los silos de segunda y alg\u00fan verdeo de invierno.<\/p>\n<p>Por Dami\u00e1n Morais<\/p>\n<p>Fuentes: Campo Litoral y S\u00faper Campo<\/p>\n","protected":false},"excerpt":{"rendered":"<p>En algunas \u00e1reas de la zona n\u00facleo cayeron 160 mm. Hay rutas cortadas y caminos rurales anegados. Hace varios d\u00edas que la zona central del pa\u00eds sufre una seguidilla de lluvias y tormentas muy intensas, algunas incluso acompa\u00f1adas de granizo.<\/p>\n","protected":false},"author":5,"featured_media":0,"comment_status":"closed","ping_status":"closed","sticky":false,"template":"","format":"standard","meta":[],"categories":[42,46],"tags":[797,12,19],"_links":{"self":[{"href":"http:\/\/rurallascolonias.com.ar\/index.php?rest_route=\/wp\/v2\/posts\/2041"}],"collection":[{"href":"http:\/\/rurallascolonias.com.ar\/index.php?rest_route=\/wp\/v2\/posts"}],"about":[{"href":"http:\/\/rurallascolonias.com.ar\/index.php?rest_route=\/wp\/v2\/types\/post"}],"author":[{"embeddable":true,"href":"http:\/\/rurallascolonias.com.ar\/index.php?rest_route=\/wp\/v2\/users\/5"}],"replies":[{"embeddable":true,"href":"http:\/\/rurallascolonias.com.ar\/index.php?rest_route=%2Fwp%2Fv2%2Fcomments&post=2041"}],"version-history":[{"count":1,"href":"http:\/\/rurallascolonias.com.ar\/index.php?rest_route=\/wp\/v2\/posts\/2041\/revisions"}],"predecessor-version":[{"id":2043,"href":"http:\/\/rurallascolonias.com.ar\/index.php?rest_route=\/wp\/v2\/posts\/2041\/revisions\/2043"}],"wp:attachment":[{"href":"http:\/\/rurallascolonias.com.ar\/index.php?rest_route=%2Fwp%2Fv2%2Fmedia&parent=2041"}],"wp:term":[{"taxonomy":"category","embeddable":true,"href":"http:\/\/rurallascolonias.com.ar\/index.php?rest_route=%2Fwp%2Fv2%2Fcategories&post=2041"},{"taxonomy":"post_tag","embeddable":true,"href":"http:\/\/rurallascolonias.com.ar\/index.php?rest_route=%2Fwp%2Fv2%2Ftags&post=2041"}],"curies":[{"name":"wp","href":"https:\/\/api.w.org\/{rel}","templated":true}]}}