{"id":20107,"date":"2022-10-11T12:03:15","date_gmt":"2022-10-11T12:03:15","guid":{"rendered":"http:\/\/rurallascolonias.com.ar\/?p=20107"},"modified":"2022-10-11T12:05:07","modified_gmt":"2022-10-11T12:05:07","slug":"comenzo-la-44-campana-de-vacunacion-contra-la-aftosa","status":"publish","type":"post","link":"http:\/\/rurallascolonias.com.ar\/?p=20107","title":{"rendered":"COMENZ\u00d3 LA 44\u00b0 CAMPA\u00d1A DE VACUNACI\u00d3N CONTRA LA AFTOSA"},"content":{"rendered":"\n<p>Se\u00f1or Productor Agropecuario:<\/p>\n\n\n\n<p>El SENASA \u00a0y La Fundaci\u00f3n Las Colonias, \u00a0le informan que el d\u00eda 10 de octubre, dio inicio a la 44\u00b0campa\u00f1a de vacunaci\u00f3n contra la Fiebre Aftosa y tendr\u00e1 una duraci\u00f3n de 45 d\u00edas.  La misma, en esta oportunidad, contar\u00e1 con la modalidad de vacunaci\u00f3n de las\u00a0categor\u00edas menores. No se vacunan ni vacas ni toros. <\/p>\n\n\n\n<p>Recomendamos comunicarse con su M\u00e9dico Veterinario \u00a0\u00a0para programar la fecha de vacunaci\u00f3n.<\/p>\n\n\n\n<p>Cualquier duda comunicarse con La Fundaci\u00f3n Las Colonias<\/p>\n\n\n\n<p><\/p>\n","protected":false},"excerpt":{"rendered":"<p>Se\u00f1or Productor Agropecuario: El SENASA \u00a0y La Fundaci\u00f3n Las Colonias, \u00a0le informan que el d\u00eda 10 de octubre, dio inicio a la 44\u00b0campa\u00f1a de vacunaci\u00f3n contra la Fiebre Aftosa y tendr\u00e1 una duraci\u00f3n de 45 d\u00edas. La misma, en esta oportunidad, contar\u00e1 con la modalidad de vacunaci\u00f3n de las\u00a0categor\u00edas menores. No se vacunan ni vacas [&hellip;]<\/p>\n","protected":false},"author":5,"featured_media":20108,"comment_status":"open","ping_status":"open","sticky":false,"template":"","format":"standard","meta":[],"categories":[1],"tags":[],"_links":{"self":[{"href":"http:\/\/rurallascolonias.com.ar\/index.php?rest_route=\/wp\/v2\/posts\/20107"}],"collection":[{"href":"http:\/\/rurallascolonias.com.ar\/index.php?rest_route=\/wp\/v2\/posts"}],"about":[{"href":"http:\/\/rurallascolonias.com.ar\/index.php?rest_route=\/wp\/v2\/types\/post"}],"author":[{"embeddable":true,"href":"http:\/\/rurallascolonias.com.ar\/index.php?rest_route=\/wp\/v2\/users\/5"}],"replies":[{"embeddable":true,"href":"http:\/\/rurallascolonias.com.ar\/index.php?rest_route=%2Fwp%2Fv2%2Fcomments&post=20107"}],"version-history":[{"count":1,"href":"http:\/\/rurallascolonias.com.ar\/index.php?rest_route=\/wp\/v2\/posts\/20107\/revisions"}],"predecessor-version":[{"id":20109,"href":"http:\/\/rurallascolonias.com.ar\/index.php?rest_route=\/wp\/v2\/posts\/20107\/revisions\/20109"}],"wp:featuredmedia":[{"embeddable":true,"href":"http:\/\/rurallascolonias.com.ar\/index.php?rest_route=\/wp\/v2\/media\/20108"}],"wp:attachment":[{"href":"http:\/\/rurallascolonias.com.ar\/index.php?rest_route=%2Fwp%2Fv2%2Fmedia&parent=20107"}],"wp:term":[{"taxonomy":"category","embeddable":true,"href":"http:\/\/rurallascolonias.com.ar\/index.php?rest_route=%2Fwp%2Fv2%2Fcategories&post=20107"},{"taxonomy":"post_tag","embeddable":true,"href":"http:\/\/rurallascolonias.com.ar\/index.php?rest_route=%2Fwp%2Fv2%2Ftags&post=20107"}],"curies":[{"name":"wp","href":"https:\/\/api.w.org\/{rel}","templated":true}]}}