{"id":20062,"date":"2022-07-26T12:32:34","date_gmt":"2022-07-26T12:32:34","guid":{"rendered":"http:\/\/rurallascolonias.com.ar\/?p=20062"},"modified":"2022-07-26T12:32:35","modified_gmt":"2022-07-26T12:32:35","slug":"capacitacion-consorcios-camineros-e-inseguridad-ejes-de-trabajo-de-la-sociedad-rural-de-las-colonias","status":"publish","type":"post","link":"http:\/\/rurallascolonias.com.ar\/?p=20062","title":{"rendered":"CAPACITACI\u00d3N, CONSORCIOS CAMINEROS E INSEGURIDAD: EJES DE TRABAJO DE LA SOCIEDAD RURAL DE LAS COLONIAS"},"content":{"rendered":"\n<h5>El presidente de Sociedad Rural Las Colonias, Diego Alonso, habl\u00f3 del trabajo de la entidad en relaci\u00f3n a distintas tem\u00e1ticas que preocupan al sector productivo. Valor\u00f3 los cursos de capacitaci\u00f3n que se desarrollan en conjunto con ITEC \u201cEl Molino\u201d.<\/h5>\n\n\n\n<p>En di\u00e1logo con la&nbsp;<strong><em>CSC Radio<\/em><\/strong>, Alonso mencion\u00f3 que d\u00edas pasados se concret\u00f3 el cuarto m\u00f3dulo de la capacitaci\u00f3n para trabajadores de tambo que tuvo \u201cuna muy buena repercusi\u00f3n con unos 20 asistentes\u201d.<\/p>\n\n\n\n<p>En ese marco, mencion\u00f3 que \u201cen el Departamento hay unos 1.000 establecimientos lecheros, y en cada uno hay un promedio de entre seis o siete personas que trabajan directamente en el tambo con lo cual la actividad re\u00fane a unas 7.000 u 8.000 personas trabajando directamente en la actividad productiva lechera\u201d.<\/p>\n\n\n\n<p>Adem\u00e1s anunci\u00f3 que \u201chay conversaciones para que estos cursos se repliquen en el resto de la provincia\u201d. \u201cEl director de Lecher\u00eda de Santa Fe, Abel Zenclussen, estuvo presente en el curso, pudo charlar con los asistentes y en ese contexto se est\u00e1 analizando que estos cursos de capacitaci\u00f3n de operarios tamberos se pueda replicar en otros lados como Totoras, San Guillermo y otros m\u00e1s\u201d, cont\u00f3.<\/p>\n\n\n\n<p>De este modo, valor\u00f3 que \u201cel ITEC y Sociedad Rural est\u00e1n exportando el conocimiento y la experiencia educativa que tenemos ya con cuatro capacitaciones efectuadas, y las tres o cuatro m\u00e1s que se prev\u00e9n para setiembre y octubre\u201d.<\/p>\n\n\n\n<h5><strong>Otros temas de inter\u00e9s<\/strong><\/h5>\n\n\n\n<p>En otro orden de temas, Alonso se refiri\u00f3 al proyecto de modificaci\u00f3n de la ley de semillas para el cobro de regal\u00edas de ciertas variedades que estaban fuera del mismo, ahora los productores &nbsp;sojeros que utilizamos semillas guardadas por nosotros tenemos que hacer una declaraci\u00f3n jurada en base a lo que se siembra y pagar un canon de la variedad que se guard\u00f3 como semilla propia\u201d.<\/p>\n\n\n\n<p>Ante esto, plante\u00f3 que \u201cseguramente se viene un ajuste y un reclamo por parte de los semilleros por las variedades que no estaban incluidas en este pago\u201d y plante\u00f3 que \u201cesto es muy nuevo y se desconocen detalles por eso hay que tener mucha presencia desde las entidades y mucha participaci\u00f3n, siendo muy t\u00e9cnicos y muy profesionales porque si no nos llevan puestos las decisiones\u201d.<\/p>\n\n\n\n<p>Consultado por otros temas que se trabajan desde Sociedad Rural, el dirigente mencion\u00f3 que \u201cqueda por definir el tema de caminos rurales con la Municipalidad de Esperanza y la conformaci\u00f3n definitiva del consorcio caminero, dado que en otras ciudades se est\u00e1n formando los consorcios y trabajando en el tema\u201d.<\/p>\n\n\n\n<p>Anunci\u00f3 adem\u00e1s que \u201cotro tema que se est\u00e1 trabajando es por la inseguridad porque se cometen muchos delitos pero la gente no denuncia porque tiene un descreimiento en la instituci\u00f3n policial y temor a represalias, as\u00ed que hay que trabajar mucho en eso\u201d. \u201cHay que volver a insistir porque no s\u00e9 qu\u00e9 pas\u00f3 con los 56 millones de pesos que se anunciaron para el arreglo de m\u00f3viles, los m\u00f3viles nuevos que se hab\u00edan prometido no sabemos si llegaron para Guardia Rural del Departamento y tambi\u00e9n m\u00e1s efectivos para eso\u201d, reclam\u00f3.<\/p>\n\n\n\n<p>Fuente: Esperanza D\u00eda X D\u00eda<\/p>\n","protected":false},"excerpt":{"rendered":"<p>El presidente de Sociedad Rural Las Colonias, Diego Alonso, habl\u00f3 del trabajo de la entidad en relaci\u00f3n a distintas tem\u00e1ticas que preocupan al sector productivo. Valor\u00f3 los cursos de capacitaci\u00f3n que se desarrollan en conjunto con ITEC \u201cEl Molino\u201d. En di\u00e1logo con la&nbsp;CSC Radio, Alonso mencion\u00f3 que d\u00edas pasados se concret\u00f3 el cuarto m\u00f3dulo de [&hellip;]<\/p>\n","protected":false},"author":5,"featured_media":19850,"comment_status":"open","ping_status":"open","sticky":false,"template":"","format":"standard","meta":[],"categories":[1],"tags":[],"_links":{"self":[{"href":"http:\/\/rurallascolonias.com.ar\/index.php?rest_route=\/wp\/v2\/posts\/20062"}],"collection":[{"href":"http:\/\/rurallascolonias.com.ar\/index.php?rest_route=\/wp\/v2\/posts"}],"about":[{"href":"http:\/\/rurallascolonias.com.ar\/index.php?rest_route=\/wp\/v2\/types\/post"}],"author":[{"embeddable":true,"href":"http:\/\/rurallascolonias.com.ar\/index.php?rest_route=\/wp\/v2\/users\/5"}],"replies":[{"embeddable":true,"href":"http:\/\/rurallascolonias.com.ar\/index.php?rest_route=%2Fwp%2Fv2%2Fcomments&post=20062"}],"version-history":[{"count":1,"href":"http:\/\/rurallascolonias.com.ar\/index.php?rest_route=\/wp\/v2\/posts\/20062\/revisions"}],"predecessor-version":[{"id":20063,"href":"http:\/\/rurallascolonias.com.ar\/index.php?rest_route=\/wp\/v2\/posts\/20062\/revisions\/20063"}],"wp:featuredmedia":[{"embeddable":true,"href":"http:\/\/rurallascolonias.com.ar\/index.php?rest_route=\/wp\/v2\/media\/19850"}],"wp:attachment":[{"href":"http:\/\/rurallascolonias.com.ar\/index.php?rest_route=%2Fwp%2Fv2%2Fmedia&parent=20062"}],"wp:term":[{"taxonomy":"category","embeddable":true,"href":"http:\/\/rurallascolonias.com.ar\/index.php?rest_route=%2Fwp%2Fv2%2Fcategories&post=20062"},{"taxonomy":"post_tag","embeddable":true,"href":"http:\/\/rurallascolonias.com.ar\/index.php?rest_route=%2Fwp%2Fv2%2Ftags&post=20062"}],"curies":[{"name":"wp","href":"https:\/\/api.w.org\/{rel}","templated":true}]}}