{"id":19937,"date":"2022-03-14T21:15:06","date_gmt":"2022-03-14T21:15:06","guid":{"rendered":"http:\/\/rurallascolonias.com.ar\/?p=19937"},"modified":"2022-03-14T21:15:07","modified_gmt":"2022-03-14T21:15:07","slug":"productores-vuelven-a-la-ruta","status":"publish","type":"post","link":"http:\/\/rurallascolonias.com.ar\/?p=19937","title":{"rendered":"PRODUCTORES VUELVEN A LA RUTA"},"content":{"rendered":"\n<p>Un grupo de productores agropecuarios decidi\u00f3 manifestarse en la Ruta 11 a la altura de la estaci\u00f3n de Videla. Denuncian que con este nuevo aumento de retenciones \u00abmuchos no pagar\u00e1n las cuentas\u00bb<\/p>\n\n\n\n<p>En di\u00e1logo con Campolitoral, el Ing. Agr. Jos\u00e9 \u00abPeco\u00bb Alonso, expres\u00f3 la preocupaci\u00f3n de toda la zona. \u00abNos ven\u00edamos reuniendo con un grupo de productores por los hechos de inseguridad en la zona de Videla (que arrancaron como hace 4 meses atr\u00e1s), y bueno, nos mensajeamos cuando escuchamos la \u00faltima noticia respecto al cierre de las exportaciones y decidimos salir a manifestarnos a la ruta\u00bb.<\/p>\n\n\n\n<p>En cuanto a los motivos del reclamo, expres\u00f3 que si bien son pocos, expresan la inquietud de toda la zona. \u00abSomos poquitos, pero ac\u00e1 estamos. Tratando de mostrar nuestro descontento con esta idea intervencionista\u00bb.<\/p>\n\n\n\n<p>En cuanto al impacto de estas medidas a nivel productivo, fue lapidario. \u00abEste a\u00f1o viene muy complicado en la zona nuestra, muy muy seco, con muy malos rindes en ma\u00edz y quem\u00e1ndose la soja. Ten\u00edamos una esperanza que pese a rendir poco la \u00edbamos a vender a buen precio, pero parece que no va a ser as\u00ed\u00bb.<\/p>\n\n\n\n<p>El trigo se cae<\/p>\n\n\n\n<p>Consultado sobre los planes para la campa\u00f1a fina en la zona, explic\u00f3 que esto tambi\u00e9n impacta fuerte. \u00abHaciendo n\u00fameros, el trigo se cae: los rindes de indiferencia en esta zona son de 37 quintales, cuando el promedio hist\u00f3rico es de 30 a 32 quintales. Adem\u00e1s, aumentaron los precios de los insumos (este a\u00f1o la urea vale U$S 1,300 la tonelada, el f\u00f3sforo 950 y el glifosato se triplic\u00f3). La verdad que va a ser muy duro, si el trigo se cae de precio\u00bb.<\/p>\n\n\n\n<p>Seg\u00fan Alonso, obviamente la gente tiene que sembrar, porque los costos fijos de dejar el campo parado son todav\u00eda m\u00e1s altos. Y cualquier Plan B, debe ser analizado agron\u00f3micamente. \u00abLos cultivos de servicio tambi\u00e9n exigen una inversi\u00f3n, ya sea una vicia o un centeno voleado arriba de una soja tambi\u00e9n tiene un costo\u00bb.<\/p>\n\n\n\n<p>Tambi\u00e9n explic\u00f3 que la ilusi\u00f3n de capturar la mejora del precio internacional dur\u00f3 poco. \u00abMuy pocas veces el precio por el rendimiento compensa, y este a\u00f1o dif\u00edcilmente Argentina llegue a 40 millones de toneladas de soja, y en esta zona va a estar rondando los 20 a 22 quintales, muy cercano a lo que fue el a\u00f1o 2008\u00bb, lamenta. \u00abCre\u00edamos que por primera vez la ecuaci\u00f3n precio por rendimiento lo iba a compensar por primera vez. 40 millones de tn a U$S 450 son casi 18 mil millones de d\u00f3lares. Y si sacamos 55 millones de tn a 300 es lo mismo. Pero con esta intervenci\u00f3n del gobierno no va a ser as\u00ed\u00bb.<\/p>\n\n\n\n<p>Finalmente, traz\u00f3 un panorama preocupante. \u00abLa gente est\u00e1 descontenta, hay mucho miedo, porque hay muchos que con esta seca no pagan la cuenta\u00bb, adelant\u00f3.<\/p>\n\n\n\n<p>Fuente: campolitoral<\/p>\n","protected":false},"excerpt":{"rendered":"<p>Un grupo de productores agropecuarios decidi\u00f3 manifestarse en la Ruta 11 a la altura de la estaci\u00f3n de Videla. Denuncian que con este nuevo aumento de retenciones \u00abmuchos no pagar\u00e1n las cuentas\u00bb En di\u00e1logo con Campolitoral, el Ing. Agr. Jos\u00e9 \u00abPeco\u00bb Alonso, expres\u00f3 la preocupaci\u00f3n de toda la zona. \u00abNos ven\u00edamos reuniendo con un grupo [&hellip;]<\/p>\n","protected":false},"author":5,"featured_media":19938,"comment_status":"open","ping_status":"open","sticky":false,"template":"","format":"standard","meta":[],"categories":[42],"tags":[],"_links":{"self":[{"href":"http:\/\/rurallascolonias.com.ar\/index.php?rest_route=\/wp\/v2\/posts\/19937"}],"collection":[{"href":"http:\/\/rurallascolonias.com.ar\/index.php?rest_route=\/wp\/v2\/posts"}],"about":[{"href":"http:\/\/rurallascolonias.com.ar\/index.php?rest_route=\/wp\/v2\/types\/post"}],"author":[{"embeddable":true,"href":"http:\/\/rurallascolonias.com.ar\/index.php?rest_route=\/wp\/v2\/users\/5"}],"replies":[{"embeddable":true,"href":"http:\/\/rurallascolonias.com.ar\/index.php?rest_route=%2Fwp%2Fv2%2Fcomments&post=19937"}],"version-history":[{"count":1,"href":"http:\/\/rurallascolonias.com.ar\/index.php?rest_route=\/wp\/v2\/posts\/19937\/revisions"}],"predecessor-version":[{"id":19939,"href":"http:\/\/rurallascolonias.com.ar\/index.php?rest_route=\/wp\/v2\/posts\/19937\/revisions\/19939"}],"wp:featuredmedia":[{"embeddable":true,"href":"http:\/\/rurallascolonias.com.ar\/index.php?rest_route=\/wp\/v2\/media\/19938"}],"wp:attachment":[{"href":"http:\/\/rurallascolonias.com.ar\/index.php?rest_route=%2Fwp%2Fv2%2Fmedia&parent=19937"}],"wp:term":[{"taxonomy":"category","embeddable":true,"href":"http:\/\/rurallascolonias.com.ar\/index.php?rest_route=%2Fwp%2Fv2%2Fcategories&post=19937"},{"taxonomy":"post_tag","embeddable":true,"href":"http:\/\/rurallascolonias.com.ar\/index.php?rest_route=%2Fwp%2Fv2%2Ftags&post=19937"}],"curies":[{"name":"wp","href":"https:\/\/api.w.org\/{rel}","templated":true}]}}