{"id":19921,"date":"2022-03-03T12:24:52","date_gmt":"2022-03-03T12:24:52","guid":{"rendered":"http:\/\/rurallascolonias.com.ar\/?p=19921"},"modified":"2022-03-03T12:24:55","modified_gmt":"2022-03-03T12:24:55","slug":"el-7-de-marzo-se-inicia-la-43-campana-vacunacion-contra-la-aftosa","status":"publish","type":"post","link":"http:\/\/rurallascolonias.com.ar\/?p=19921","title":{"rendered":"EL 7 DE MARZO SE INICIA LA 43\u00b0 CAMPA\u00d1A VACUNACI\u00d3N CONTRA LA AFTOSA"},"content":{"rendered":"\n<p>Fundaci\u00f3n Las Colonias informa del inicio de la 43\u00b0 campa\u00f1a de vacunaci\u00f3n contra la fiebre aftosa.<\/p>\n\n\n\n<p>La misma dar\u00e1 comienzo el lunes 7 de marzo \u00a0de 2022 .En esta oportunidad se vacunar\u00e1 la totalidad de la hacienda bovina\u00a0 y bubalina \u00a0existente en el establecimiento.<\/p>\n\n\n\n<p>Tambi\u00e9n se realizar\u00e1 la vacunaci\u00f3n de terneras contra brucelosis y se recuerda la importancia de vacunar contra el carbunclo.<\/p>\n\n\n\n<p>Coordine la vacunaci\u00f3n con su veterinario sanitario.<\/p>\n\n\n\n<p>La vacunaci\u00f3n, que se realiza en el marco del Plan Nacional de Erradicaci\u00f3n de la Fiebre Aftosa, es una acci\u00f3n sanitaria indispensable para resguardar la inmunidad de la ganader\u00eda argentina.<\/p>\n\n\n\n<p>Sociedad Rural de Las Colonias<\/p>\n","protected":false},"excerpt":{"rendered":"<p>Fundaci\u00f3n Las Colonias informa del inicio de la 43\u00b0 campa\u00f1a de vacunaci\u00f3n contra la fiebre aftosa. La misma dar\u00e1 comienzo el lunes 7 de marzo \u00a0de 2022 .En esta oportunidad se vacunar\u00e1 la totalidad de la hacienda bovina\u00a0 y bubalina \u00a0existente en el establecimiento. Tambi\u00e9n se realizar\u00e1 la vacunaci\u00f3n de terneras contra brucelosis y se [&hellip;]<\/p>\n","protected":false},"author":5,"featured_media":19922,"comment_status":"open","ping_status":"open","sticky":false,"template":"","format":"standard","meta":[],"categories":[2306],"tags":[],"_links":{"self":[{"href":"http:\/\/rurallascolonias.com.ar\/index.php?rest_route=\/wp\/v2\/posts\/19921"}],"collection":[{"href":"http:\/\/rurallascolonias.com.ar\/index.php?rest_route=\/wp\/v2\/posts"}],"about":[{"href":"http:\/\/rurallascolonias.com.ar\/index.php?rest_route=\/wp\/v2\/types\/post"}],"author":[{"embeddable":true,"href":"http:\/\/rurallascolonias.com.ar\/index.php?rest_route=\/wp\/v2\/users\/5"}],"replies":[{"embeddable":true,"href":"http:\/\/rurallascolonias.com.ar\/index.php?rest_route=%2Fwp%2Fv2%2Fcomments&post=19921"}],"version-history":[{"count":2,"href":"http:\/\/rurallascolonias.com.ar\/index.php?rest_route=\/wp\/v2\/posts\/19921\/revisions"}],"predecessor-version":[{"id":19924,"href":"http:\/\/rurallascolonias.com.ar\/index.php?rest_route=\/wp\/v2\/posts\/19921\/revisions\/19924"}],"wp:featuredmedia":[{"embeddable":true,"href":"http:\/\/rurallascolonias.com.ar\/index.php?rest_route=\/wp\/v2\/media\/19922"}],"wp:attachment":[{"href":"http:\/\/rurallascolonias.com.ar\/index.php?rest_route=%2Fwp%2Fv2%2Fmedia&parent=19921"}],"wp:term":[{"taxonomy":"category","embeddable":true,"href":"http:\/\/rurallascolonias.com.ar\/index.php?rest_route=%2Fwp%2Fv2%2Fcategories&post=19921"},{"taxonomy":"post_tag","embeddable":true,"href":"http:\/\/rurallascolonias.com.ar\/index.php?rest_route=%2Fwp%2Fv2%2Ftags&post=19921"}],"curies":[{"name":"wp","href":"https:\/\/api.w.org\/{rel}","templated":true}]}}