{"id":19917,"date":"2022-02-26T13:15:07","date_gmt":"2022-02-26T13:15:07","guid":{"rendered":"http:\/\/rurallascolonias.com.ar\/?p=19917"},"modified":"2022-02-26T13:15:08","modified_gmt":"2022-02-26T13:15:08","slug":"lanzamiento-linea-de-creditos-para-asistir-financieramente-a-productores-agropecuarios","status":"publish","type":"post","link":"http:\/\/rurallascolonias.com.ar\/?p=19917","title":{"rendered":"LANZAMIENTO L\u00cdNEA DE CR\u00c9DITOS PARA ASISTIR FINANCIERAMENTE A PRODUCTORES AGROPECUARIOS"},"content":{"rendered":"\n<p>Los beneficiados pertenecen a las localidades de San Mariano y Santa Clara de Buena Vista afectados por el temporal de granizo el pasado mes de diciembre de 2021. <\/p>\n\n\n\n<p>El Ministro de la Producci\u00f3n, Dr. Daniel Costamagna brind\u00f3 una conferencia de prensa en el Sal\u00f3n Blanco Municipal para hacer entrega no s\u00f3lo de fondos sino tambi\u00e9n la presentaci\u00f3n de una l\u00ednea de cr\u00e9ditos a tasa subsidiada para atender demandas de infraestructura como la reconstrucci\u00f3n de galpones, tambos, molinos \u00aby todo lo que se necesita para producir aquello que tiene un costo realmente importante y el acompa\u00f1amiento tiene que ver con eso\u00bb, coment\u00f3  el Ministro. <\/p>\n\n\n\n<p>Cabe aclarar que estos cr\u00e9ditos ser\u00e1n entregados por medio de ACADER con un fondo para administrar la entidad.<\/p>\n\n\n\n<p>En dicho lanzamiento estuvieron presentes adem\u00e1s de Costamagna, la Intendente Municipal Ana Mar\u00eda Meiners, el Secretario de Desarrollo Territorial y Arraigo Lic. Fabricio Medina, el Senador por el Departamento Las Colonias CPN Rub\u00e9n Pirola, el Presidente de la Asociaci\u00f3n para el Desarrollo de Esperanza y la Regi\u00f3n e Intendente de San Jer\u00f3nimo Norte Carlos Volpato y los Presidentes Comunales de los distritos afectados Juan Manuel Caudana y Emanuel Grill.<\/p>\n\n\n\n<p>Sociedad Rural de Las Colonias<\/p>\n\n\n\n<p><\/p>\n","protected":false},"excerpt":{"rendered":"<p>Los beneficiados pertenecen a las localidades de San Mariano y Santa Clara de Buena Vista afectados por el temporal de granizo el pasado mes de diciembre de 2021. El Ministro de la Producci\u00f3n, Dr. Daniel Costamagna brind\u00f3 una conferencia de prensa en el Sal\u00f3n Blanco Municipal para hacer entrega no s\u00f3lo de fondos sino tambi\u00e9n [&hellip;]<\/p>\n","protected":false},"author":5,"featured_media":19919,"comment_status":"open","ping_status":"open","sticky":false,"template":"","format":"standard","meta":[],"categories":[1],"tags":[],"_links":{"self":[{"href":"http:\/\/rurallascolonias.com.ar\/index.php?rest_route=\/wp\/v2\/posts\/19917"}],"collection":[{"href":"http:\/\/rurallascolonias.com.ar\/index.php?rest_route=\/wp\/v2\/posts"}],"about":[{"href":"http:\/\/rurallascolonias.com.ar\/index.php?rest_route=\/wp\/v2\/types\/post"}],"author":[{"embeddable":true,"href":"http:\/\/rurallascolonias.com.ar\/index.php?rest_route=\/wp\/v2\/users\/5"}],"replies":[{"embeddable":true,"href":"http:\/\/rurallascolonias.com.ar\/index.php?rest_route=%2Fwp%2Fv2%2Fcomments&post=19917"}],"version-history":[{"count":1,"href":"http:\/\/rurallascolonias.com.ar\/index.php?rest_route=\/wp\/v2\/posts\/19917\/revisions"}],"predecessor-version":[{"id":19920,"href":"http:\/\/rurallascolonias.com.ar\/index.php?rest_route=\/wp\/v2\/posts\/19917\/revisions\/19920"}],"wp:featuredmedia":[{"embeddable":true,"href":"http:\/\/rurallascolonias.com.ar\/index.php?rest_route=\/wp\/v2\/media\/19919"}],"wp:attachment":[{"href":"http:\/\/rurallascolonias.com.ar\/index.php?rest_route=%2Fwp%2Fv2%2Fmedia&parent=19917"}],"wp:term":[{"taxonomy":"category","embeddable":true,"href":"http:\/\/rurallascolonias.com.ar\/index.php?rest_route=%2Fwp%2Fv2%2Fcategories&post=19917"},{"taxonomy":"post_tag","embeddable":true,"href":"http:\/\/rurallascolonias.com.ar\/index.php?rest_route=%2Fwp%2Fv2%2Ftags&post=19917"}],"curies":[{"name":"wp","href":"https:\/\/api.w.org\/{rel}","templated":true}]}}