{"id":19888,"date":"2022-02-12T12:17:42","date_gmt":"2022-02-12T12:17:42","guid":{"rendered":"http:\/\/rurallascolonias.com.ar\/?p=19888"},"modified":"2022-02-12T12:17:45","modified_gmt":"2022-02-12T12:17:45","slug":"malas-noticias-la-nina-no-se-va","status":"publish","type":"post","link":"http:\/\/rurallascolonias.com.ar\/?p=19888","title":{"rendered":"MALAS NOTICIAS: \u00abLA NI\u00d1A\u00bb NO SE VA"},"content":{"rendered":"\n<p>La Ni\u00f1a ha vuelto a ganar terreno y no disminuir\u00e1 su efecto tal como se esperaba hasta hace pocos d\u00edas<\/p>\n\n\n\n<p>Hab\u00eda consenso de los organismos que monitorean el fen\u00f3meno del Ni\u00f1o en el Pac\u00edfico: proyectaban un ascenso de los valores y transici\u00f3n hacia la neutralidad. Pero no, \u00abla publicaci\u00f3n del \u00faltimo \u00cdndice Oce\u00e1nico Ni\u00f1o muestra que la anomal\u00eda de la temperatura superficial se mantuvo sin cambios respecto del mes pasado (ONI -1.0).<\/p>\n\n\n\n<p>Es decir, manteniendo el grado de enfriamiento del mes anterior y por lo tanto la influencia negativa del evento Ni\u00f1a\u00bb, dice Jos\u00e9 Luis Aiello, Dr. en Cs. Atmosf\u00e9ricas para la Bolsa de Comercio de Rosario. El problema, es que el valor de enero retoma la tendencia que tuvo en el 2021, a\u00f1o en que fallaron las lluvias de la segunda quincena de febrero y primera de marzo.<\/p>\n\n\n\n<p>El valor ONI de enero coincide con el de enero del 2018, con todos los temores que eso implica. El fen\u00f3meno La Ni\u00f1a, por el momento, continuar\u00e1 presente hasta el mes de abril. Seguir\u00e1 siendo un condicionante de la circulaci\u00f3n atmosf\u00e9rica que puede volver a afectar de manera negativa la oferta de agua, se\u00f1alan los especialistas.<\/p>\n\n\n\n<p>En l\u00edneas generales, para este mes, se esperan condiciones similares a lo que se ven\u00eda mostrando en los informes previos, con lluvias superiores a lo normal sobre el oeste de Paraguay y gran parte de Bolivia, y con una caracter\u00edstica de lluvias inferiores a los promedios sobre toda la regi\u00f3n pampeana y gran parte del Litoral.<\/p>\n\n\n\n<p>Por su parte, se mantiene el n\u00facleo de lluvias superior a los par\u00e1metros normales sobre Cuyo y el oeste de La Pampa, situaci\u00f3n que comenzar\u00eda a cambiar a partir de marzo.<\/p>\n\n\n\n<p>Sin embargo, la tendencia comenzar\u00eda a normalizarse reci\u00e9n a partir del invierno, ya que durante el oto\u00f1o, seguir\u00eda la tendencia de lluvias inferiores a los promedios, aunque perdiendo su intensidad.<\/p>\n\n\n\n<p>Fuente: Campolitoral<\/p>\n","protected":false},"excerpt":{"rendered":"<p>La Ni\u00f1a ha vuelto a ganar terreno y no disminuir\u00e1 su efecto tal como se esperaba hasta hace pocos d\u00edas Hab\u00eda consenso de los organismos que monitorean el fen\u00f3meno del Ni\u00f1o en el Pac\u00edfico: proyectaban un ascenso de los valores y transici\u00f3n hacia la neutralidad. Pero no, \u00abla publicaci\u00f3n del \u00faltimo \u00cdndice Oce\u00e1nico Ni\u00f1o muestra [&hellip;]<\/p>\n","protected":false},"author":5,"featured_media":19889,"comment_status":"open","ping_status":"open","sticky":false,"template":"","format":"standard","meta":[],"categories":[1],"tags":[],"_links":{"self":[{"href":"http:\/\/rurallascolonias.com.ar\/index.php?rest_route=\/wp\/v2\/posts\/19888"}],"collection":[{"href":"http:\/\/rurallascolonias.com.ar\/index.php?rest_route=\/wp\/v2\/posts"}],"about":[{"href":"http:\/\/rurallascolonias.com.ar\/index.php?rest_route=\/wp\/v2\/types\/post"}],"author":[{"embeddable":true,"href":"http:\/\/rurallascolonias.com.ar\/index.php?rest_route=\/wp\/v2\/users\/5"}],"replies":[{"embeddable":true,"href":"http:\/\/rurallascolonias.com.ar\/index.php?rest_route=%2Fwp%2Fv2%2Fcomments&post=19888"}],"version-history":[{"count":1,"href":"http:\/\/rurallascolonias.com.ar\/index.php?rest_route=\/wp\/v2\/posts\/19888\/revisions"}],"predecessor-version":[{"id":19890,"href":"http:\/\/rurallascolonias.com.ar\/index.php?rest_route=\/wp\/v2\/posts\/19888\/revisions\/19890"}],"wp:featuredmedia":[{"embeddable":true,"href":"http:\/\/rurallascolonias.com.ar\/index.php?rest_route=\/wp\/v2\/media\/19889"}],"wp:attachment":[{"href":"http:\/\/rurallascolonias.com.ar\/index.php?rest_route=%2Fwp%2Fv2%2Fmedia&parent=19888"}],"wp:term":[{"taxonomy":"category","embeddable":true,"href":"http:\/\/rurallascolonias.com.ar\/index.php?rest_route=%2Fwp%2Fv2%2Fcategories&post=19888"},{"taxonomy":"post_tag","embeddable":true,"href":"http:\/\/rurallascolonias.com.ar\/index.php?rest_route=%2Fwp%2Fv2%2Ftags&post=19888"}],"curies":[{"name":"wp","href":"https:\/\/api.w.org\/{rel}","templated":true}]}}