{"id":19875,"date":"2022-01-26T20:38:17","date_gmt":"2022-01-26T20:38:17","guid":{"rendered":"http:\/\/rurallascolonias.com.ar\/?p=19875"},"modified":"2022-01-26T20:38:17","modified_gmt":"2022-01-26T20:38:17","slug":"el-culto-a-la-tradicion-gaucha","status":"publish","type":"post","link":"http:\/\/rurallascolonias.com.ar\/?p=19875","title":{"rendered":"EL CULTO A LA TRADICI\u00d3N GAUCHA"},"content":{"rendered":"\n<p>El Primer Encuentro Interprovincial de Domadores se desarrollar\u00e1 el 25 y 26 de marzo en el Campo \u00abLa Lechuza\u00bb, con la colaboraci\u00f3n de la Comuna de Nuevo Torino, Santa Fe, y se cerrar\u00e1 en noviembre, con el d\u00eda de la Tradici\u00f3n<\/p>\n\n\n\n<p>\u00abLa tradici\u00f3n es mantener vivas las costumbres, de generaci\u00f3n en generaci\u00f3n\u00bb, afirman los organizadores. Es por ello, que por medio de este encuentro, \u00abenaltecemos a aquellos que nos ense\u00f1aron a amar nuestras ra\u00edces. Es nuestro orgullo mantenerlas vivas y transmitirlas a las generaciones venideras\u00bb, agregan.<\/p>\n\n\n\n<p>En esta oportunidad, a cada domador se le har\u00e1 entrega del reglamento e informaci\u00f3n de dicha prueba con videos instructivos. El periodo de doma comprender\u00e1 desde el mes de marzo al mes de noviembre de 2022 respectivamente. La presentaci\u00f3n de los caballos domados se realizar\u00e1 en el mismo Establecimiento, acompa\u00f1ando a la fiesta que se llevar\u00e1 a cabo en dicho lugar, donde se realizar\u00e1n actividades tales como: jura de doma, enlazada y pialada puerta afuera, monta de vacunos y yeguarizos, muestra de recados antiguos, fogones y guitarreadas nocturnas. Adem\u00e1s, el Establecimiento EL ARGENTINO har\u00e1 entrega de importantes premios para los participantes.<\/p>\n\n\n\n<p>Fuente: campolitoral<\/p>\n\n\n\n<p><\/p>\n","protected":false},"excerpt":{"rendered":"<p>El Primer Encuentro Interprovincial de Domadores se desarrollar\u00e1 el 25 y 26 de marzo en el Campo \u00abLa Lechuza\u00bb, con la colaboraci\u00f3n de la Comuna de Nuevo Torino, Santa Fe, y se cerrar\u00e1 en noviembre, con el d\u00eda de la Tradici\u00f3n \u00abLa tradici\u00f3n es mantener vivas las costumbres, de generaci\u00f3n en generaci\u00f3n\u00bb, afirman los organizadores. [&hellip;]<\/p>\n","protected":false},"author":5,"featured_media":19876,"comment_status":"open","ping_status":"open","sticky":false,"template":"","format":"standard","meta":[],"categories":[1],"tags":[],"_links":{"self":[{"href":"http:\/\/rurallascolonias.com.ar\/index.php?rest_route=\/wp\/v2\/posts\/19875"}],"collection":[{"href":"http:\/\/rurallascolonias.com.ar\/index.php?rest_route=\/wp\/v2\/posts"}],"about":[{"href":"http:\/\/rurallascolonias.com.ar\/index.php?rest_route=\/wp\/v2\/types\/post"}],"author":[{"embeddable":true,"href":"http:\/\/rurallascolonias.com.ar\/index.php?rest_route=\/wp\/v2\/users\/5"}],"replies":[{"embeddable":true,"href":"http:\/\/rurallascolonias.com.ar\/index.php?rest_route=%2Fwp%2Fv2%2Fcomments&post=19875"}],"version-history":[{"count":1,"href":"http:\/\/rurallascolonias.com.ar\/index.php?rest_route=\/wp\/v2\/posts\/19875\/revisions"}],"predecessor-version":[{"id":19877,"href":"http:\/\/rurallascolonias.com.ar\/index.php?rest_route=\/wp\/v2\/posts\/19875\/revisions\/19877"}],"wp:featuredmedia":[{"embeddable":true,"href":"http:\/\/rurallascolonias.com.ar\/index.php?rest_route=\/wp\/v2\/media\/19876"}],"wp:attachment":[{"href":"http:\/\/rurallascolonias.com.ar\/index.php?rest_route=%2Fwp%2Fv2%2Fmedia&parent=19875"}],"wp:term":[{"taxonomy":"category","embeddable":true,"href":"http:\/\/rurallascolonias.com.ar\/index.php?rest_route=%2Fwp%2Fv2%2Fcategories&post=19875"},{"taxonomy":"post_tag","embeddable":true,"href":"http:\/\/rurallascolonias.com.ar\/index.php?rest_route=%2Fwp%2Fv2%2Ftags&post=19875"}],"curies":[{"name":"wp","href":"https:\/\/api.w.org\/{rel}","templated":true}]}}