{"id":19859,"date":"2022-01-21T14:07:24","date_gmt":"2022-01-21T14:07:24","guid":{"rendered":"http:\/\/rurallascolonias.com.ar\/?p=19859"},"modified":"2022-01-21T14:07:24","modified_gmt":"2022-01-21T14:07:24","slug":"fondos-nacionales-para-escuelas-agrotecnicas-santafesinas","status":"publish","type":"post","link":"http:\/\/rurallascolonias.com.ar\/?p=19859","title":{"rendered":"FONDOS NACIONALES PARA ESCUELAS AGROT\u00c9CNICAS SANTAFESINAS"},"content":{"rendered":"\n<p>Es una asignaci\u00f3n espec\u00edfica con car\u00e1cter extraordinario proveniente del Instituto Nacional de Educaci\u00f3n Tecnol\u00f3gica (INET) y ser\u00e1n beneficiadas nueve escuelas de la provincia.<\/p>\n\n\n\n<p>El Ministerio de Educaci\u00f3n recibir\u00e1 un aporte especial para acondicionar escuelas agrot\u00e9cnicas con residencias o albergues. El total de los fondos es de 643 millones de pesos y ser\u00e1n distribuidos en establecimientos con esta modalidad de todo el pa\u00eds beneficiando a m\u00e1s de 11.600 estudiantes.<\/p>\n\n\n\n<p>El prop\u00f3sito de esta iniciativa es contribuir a restablecer las condiciones de habitabilidad para el desarrollo integral de las y los j\u00f3venes estudiantes albergados en las distintas provincias del pa\u00eds. Tambi\u00e9n contempla la revalorizaci\u00f3n y la optimizaci\u00f3n del espacio en el retorno a clases presenciales y asegura la disponibilidad de insumos indispensables para garantizar la cobertura de las necesidades de salud, higiene de las y los estudiantes.<\/p>\n\n\n\n<p>A partir de esta asignaci\u00f3n se podr\u00e1 adquirir equipamiento destinado a completar los dormitorios, cocinas, comedores y ba\u00f1os; favorecer la pr\u00e1ctica de juegos y deportes, talleres productivos, las actividades de expresi\u00f3n y recreativas. Asimismo, se repartir\u00e1n elementos de consumo cotidiano como productos de aseo personal para las y los estudiantes albergados. Tambi\u00e9n se podr\u00e1n realizar peque\u00f1as reparaciones edilicias y compra de repuestos y utensilios de uso diario para promover mejoras en la organizaci\u00f3n de los tiempos y espacios vinculados con la vida en el albergue.<\/p>\n\n\n\n<p>Los establecimientos educativos que recibir\u00e1n los aportes seg\u00fan las regiones educativas son: En la Regi\u00f3n I de Educaci\u00f3n la Escuela N\u00b0 300 \u00abColonia General Belgrano\u00bb de Villa Minetti, de la Regi\u00f3n II, las escuelas N\u00ba 295 \u00abGeneral Manuel Obligado\u00bb de la localidad de La Potasa y la N\u00b0 487 \u00abCarlos Alfredo Spont\u00f3n\u00bb de Malabrigo.<\/p>\n\n\n\n<p>En la Regi\u00f3n IV, los fondos ser\u00e1n destinados a las escuelas N\u00ba 336 \u00abMario C\u00e9sar Videla\u00bb de la localidad de San Justo, N\u00ba 351 \u00abCarmen Allio Mart\u00ednez\u00bb de Pedro G\u00f3mez Cello y la N\u00ba 377 \u00abMercedes Masc\u00edas\u00bb de Colonia Masc\u00edas.&nbsp;<\/p>\n\n\n\n<p>En tanto en la Regi\u00f3n VIII de Educaci\u00f3n las escuelas N\u00b0 301 \u00abMariano Moreno\u00bb de Landeta y la N\u00ba 380 de Mar\u00eda Juana. Por \u00faltimo, la escuela N\u00ba 308 \u00abMalvinas Argentinas\u00bb de la localidad de Ceres perteneciente a la Regi\u00f3n IX.<\/p>\n\n\n\n<p>Fuente: Campolitoral<\/p>\n\n\n\n<p><a href=\"https:\/\/campolitoral.com.ar\/nota.php?ic=43761&amp;y=2022&amp;m=01&amp;tit=fondos-nacionales-para-escuelas-agrotecnicas-santafesinas\"><\/a><\/p>\n","protected":false},"excerpt":{"rendered":"<p>Es una asignaci\u00f3n espec\u00edfica con car\u00e1cter extraordinario proveniente del Instituto Nacional de Educaci\u00f3n Tecnol\u00f3gica (INET) y ser\u00e1n beneficiadas nueve escuelas de la provincia. El Ministerio de Educaci\u00f3n recibir\u00e1 un aporte especial para acondicionar escuelas agrot\u00e9cnicas con residencias o albergues. El total de los fondos es de 643 millones de pesos y ser\u00e1n distribuidos en establecimientos [&hellip;]<\/p>\n","protected":false},"author":5,"featured_media":19860,"comment_status":"open","ping_status":"open","sticky":false,"template":"","format":"standard","meta":[],"categories":[1],"tags":[],"_links":{"self":[{"href":"http:\/\/rurallascolonias.com.ar\/index.php?rest_route=\/wp\/v2\/posts\/19859"}],"collection":[{"href":"http:\/\/rurallascolonias.com.ar\/index.php?rest_route=\/wp\/v2\/posts"}],"about":[{"href":"http:\/\/rurallascolonias.com.ar\/index.php?rest_route=\/wp\/v2\/types\/post"}],"author":[{"embeddable":true,"href":"http:\/\/rurallascolonias.com.ar\/index.php?rest_route=\/wp\/v2\/users\/5"}],"replies":[{"embeddable":true,"href":"http:\/\/rurallascolonias.com.ar\/index.php?rest_route=%2Fwp%2Fv2%2Fcomments&post=19859"}],"version-history":[{"count":2,"href":"http:\/\/rurallascolonias.com.ar\/index.php?rest_route=\/wp\/v2\/posts\/19859\/revisions"}],"predecessor-version":[{"id":19862,"href":"http:\/\/rurallascolonias.com.ar\/index.php?rest_route=\/wp\/v2\/posts\/19859\/revisions\/19862"}],"wp:featuredmedia":[{"embeddable":true,"href":"http:\/\/rurallascolonias.com.ar\/index.php?rest_route=\/wp\/v2\/media\/19860"}],"wp:attachment":[{"href":"http:\/\/rurallascolonias.com.ar\/index.php?rest_route=%2Fwp%2Fv2%2Fmedia&parent=19859"}],"wp:term":[{"taxonomy":"category","embeddable":true,"href":"http:\/\/rurallascolonias.com.ar\/index.php?rest_route=%2Fwp%2Fv2%2Fcategories&post=19859"},{"taxonomy":"post_tag","embeddable":true,"href":"http:\/\/rurallascolonias.com.ar\/index.php?rest_route=%2Fwp%2Fv2%2Ftags&post=19859"}],"curies":[{"name":"wp","href":"https:\/\/api.w.org\/{rel}","templated":true}]}}