{"id":19853,"date":"2022-01-18T20:20:45","date_gmt":"2022-01-18T20:20:45","guid":{"rendered":"http:\/\/rurallascolonias.com.ar\/?p=19853"},"modified":"2022-01-18T20:20:46","modified_gmt":"2022-01-18T20:20:46","slug":"hubo-acuerdo-y-se-decretara-la-emergencia-agropecuaria-en-toda-la-provincia","status":"publish","type":"post","link":"http:\/\/rurallascolonias.com.ar\/?p=19853","title":{"rendered":"HUBO ACUERDO Y SE DECRETAR\u00c1 LA EMERGENCIA AGROPECUARIA EN TODA LA PROVINCIA"},"content":{"rendered":"\n<p>As\u00ed lo decidieron los integrantes de la Comisi\u00f3n Provincial, reunidos ayer por la tarde en el Ministerio de la Producci\u00f3n. La norma se homologar\u00e1 a nivel nacional para que \u00abse pueda acceder a los fondos y beneficios que la ley prev\u00e9\u00bb, dijo Costamagna<\/p>\n\n\n\n<p>La Comisi\u00f3n Provincial de Emergencia Agropecuaria decidi\u00f3 hoy solicitar al gobernador que declare la totalidad de la provincia de Santa Fe en Emergencia a ra\u00edz del impacto de la sequ\u00eda y otros eventos meteorol\u00f3gicos aislados, como las fuertes granizadas que ocurrieron en diciembre en los departamentos Castellanos y General L\u00f3pez.<\/p>\n\n\n\n<p>El \u00f3rgano consultivo se reuni\u00f3 esta tarde en el Ministerio de la Producci\u00f3n, encabezado por el titular de la cartera Daniel Costamagna, con la participaci\u00f3n de las entidades del agro, INTA, Senasa y los presidentes de las comisiones de agricultura de Diputados y Senadores.<br>Al t\u00e9rmino del encuentro, Costamagna confirm\u00f3 la decisi\u00f3n de recomendar al Ejecutivo \u00abla firma del decreto para toda la provincia\u00bb, anticip\u00f3 que \u00abir\u00e1 a la Naci\u00f3n para ser homologado y de esa manera se pueda acceder a los fondos y beneficios que la ley prev\u00e9\u00bb. Al respecto indic\u00f3 que la Comisi\u00f3n Nacional de Emergencia Agropecuaria se reunir\u00e1 el pr\u00f3ximo viernes.<\/p>\n\n\n\n<p>El funcionario, que consider\u00f3 que fue una buena reuni\u00f3n de trabajo, tambi\u00e9n indic\u00f3 que los participantes acordaron declararse \u00aben sesi\u00f3n permanente\u00bb para continuar con el seguimiento de la situaci\u00f3n en el agro y evaluar otras herramientas de apoyo.<\/p>\n\n\n\n<p>\u00abNos declaramos en sesi\u00f3n permanente\u00bb, dijo Costamagna, y agreg\u00f3 que \u00aben los pr\u00f3ximos d\u00edas nos volveremos a juntar\u00bb para continuar diagramando la asistencia\u00bb. Al respecto sostuvo que se buscar\u00e1 llegar \u00aben forma r\u00e1pida y directa\u00bb a los productores afectados a trav\u00e9s de las Asociaciones para el Desarrollo \u00abcuando podamos acceder a los fondos nacionales\u00bb.<\/p>\n\n\n\n<p>Otro punto de acuerdo, \u00absustancial, que tiene que ver con el mediano y largo plazo\u00bb, fue elaborar un nuevo proyecto de ley de emergencia provincial para ingresar en la legislatura. \u00abNos comprometimos todos a trabajar en ello\u00bb, dijo. Antes del encuentro, el presidente de la Sociedad Rural de Santa Fe y secretario de Carsfe, Ignacio M\u00e1ntaras, hab\u00eda remarcado la caducidad de la actual normativa.<\/p>\n\n\n\n<p>Costamagna a\u00f1adi\u00f3 que tambi\u00e9n se trabaj\u00f3 en \u00abel est\u00edmulo a la utilizaci\u00f3n del seguro agropecuario\u00bb, una herramienta muy importante para \u00abdarle previsibilidad y tranquilidad a todo el sector\u00bb.<\/p>\n\n\n\n<p>Seg\u00fan el c\u00e1lculo realizado por los t\u00e9cnicos del Ministerio, hasta el momento la p\u00e9rdida que causa la sequ\u00eda en la provincia asciende a $53.000 millones, incluyendo las expectativas de producci\u00f3n que hab\u00eda. Pero \u00abm\u00e1s all\u00e1 de los n\u00fameros\u00bb, dijo el funcionario, \u00ablo m\u00e1s serio\u00bb es que el ma\u00edz que no pudo ensilarse \u00abva a ser un problema no solo en esta coyuntura, sino para oto\u00f1o e invierno\u00bb.<\/p>\n\n\n\n<p>\u00abEl problema es muy serio\u00bb, subray\u00f3 el ministro, y consider\u00f3 que las lluvias van a atemperar los cultivos que se puedan recuperar pero en otros casos lleg\u00f3 tarde. \u00abHay mucha preocupaci\u00f3n por los ma\u00edces de primera, que han sufrido mucho y es el elemento de reserva que los productores necesitan para la producci\u00f3n de leche, porcina y av\u00edcola y de carne\u00bb, concluy\u00f3.<\/p>\n\n\n\n<p>Para la presidente de Carsfe, Sara Gardiol, la reuni\u00f3n fue \u00abmuy positiva\u00bb, sobre todo en el intercambio de ideas y propuestas para el an\u00e1lisis conjunto de la situaci\u00f3n. La Emergencia, dijo, \u00abpodr\u00e1 llevar alivio a los productores\u00bb. Y celebr\u00f3: \u00abyo creo que ha sido una de las reuniones m\u00e1s interesantes de los \u00faltimos tiempos, as\u00ed que nos vamos contentos\u00bb.<\/p>\n\n\n\n<p>Fuente: Campolitoral<\/p>\n","protected":false},"excerpt":{"rendered":"<p>As\u00ed lo decidieron los integrantes de la Comisi\u00f3n Provincial, reunidos ayer por la tarde en el Ministerio de la Producci\u00f3n. La norma se homologar\u00e1 a nivel nacional para que \u00abse pueda acceder a los fondos y beneficios que la ley prev\u00e9\u00bb, dijo Costamagna La Comisi\u00f3n Provincial de Emergencia Agropecuaria decidi\u00f3 hoy solicitar al gobernador que [&hellip;]<\/p>\n","protected":false},"author":5,"featured_media":19854,"comment_status":"open","ping_status":"open","sticky":false,"template":"","format":"standard","meta":[],"categories":[1],"tags":[],"_links":{"self":[{"href":"http:\/\/rurallascolonias.com.ar\/index.php?rest_route=\/wp\/v2\/posts\/19853"}],"collection":[{"href":"http:\/\/rurallascolonias.com.ar\/index.php?rest_route=\/wp\/v2\/posts"}],"about":[{"href":"http:\/\/rurallascolonias.com.ar\/index.php?rest_route=\/wp\/v2\/types\/post"}],"author":[{"embeddable":true,"href":"http:\/\/rurallascolonias.com.ar\/index.php?rest_route=\/wp\/v2\/users\/5"}],"replies":[{"embeddable":true,"href":"http:\/\/rurallascolonias.com.ar\/index.php?rest_route=%2Fwp%2Fv2%2Fcomments&post=19853"}],"version-history":[{"count":1,"href":"http:\/\/rurallascolonias.com.ar\/index.php?rest_route=\/wp\/v2\/posts\/19853\/revisions"}],"predecessor-version":[{"id":19855,"href":"http:\/\/rurallascolonias.com.ar\/index.php?rest_route=\/wp\/v2\/posts\/19853\/revisions\/19855"}],"wp:featuredmedia":[{"embeddable":true,"href":"http:\/\/rurallascolonias.com.ar\/index.php?rest_route=\/wp\/v2\/media\/19854"}],"wp:attachment":[{"href":"http:\/\/rurallascolonias.com.ar\/index.php?rest_route=%2Fwp%2Fv2%2Fmedia&parent=19853"}],"wp:term":[{"taxonomy":"category","embeddable":true,"href":"http:\/\/rurallascolonias.com.ar\/index.php?rest_route=%2Fwp%2Fv2%2Fcategories&post=19853"},{"taxonomy":"post_tag","embeddable":true,"href":"http:\/\/rurallascolonias.com.ar\/index.php?rest_route=%2Fwp%2Fv2%2Ftags&post=19853"}],"curies":[{"name":"wp","href":"https:\/\/api.w.org\/{rel}","templated":true}]}}