{"id":19825,"date":"2021-12-20T14:50:45","date_gmt":"2021-12-20T14:50:45","guid":{"rendered":"http:\/\/rurallascolonias.com.ar\/?p=19825"},"modified":"2021-12-20T20:35:43","modified_gmt":"2021-12-20T20:35:43","slug":"emotivo-cierre-de-ano-en-fundacion-las-colonias","status":"publish","type":"post","link":"http:\/\/rurallascolonias.com.ar\/?p=19825","title":{"rendered":"EMOTIVO CIERRE DE A\u00d1O EN FUNDACI\u00d3N LAS COLONIAS"},"content":{"rendered":"\n<p>El pasado jueves por la noche, la Comisi\u00f3n Directiva realiz\u00f3 su \u00faltima reuni\u00f3n de este 2021. Finalizada la misma, brindaron un homenaje a nuestro querido y recordado Danilo Steffen, quien fuera presidente hasta sus \u00faltimos d\u00edas de vida. Estuvieron presentes sus hijos, Evangelina y Guillermo, Nicol\u00e1s Schneider y Jos\u00e9 Luis Perren,, ex Presidentes de Fundaci\u00f3n. <\/p>\n\n\n\n<p>\u00abCuando me pidieron que asuma la Presidencia en el lugar de Danilo pens\u00e9 en que fue la tarea m\u00e1s dif\u00edcil que me hayan dado ya que seguir su trabajo era casi imposible. Fue una persona querida, admirada y elogiada. Ser\u00eda un orgullo para todos los presentes que sean sus hijos quienes me ayuden con el descubrimiento de la galer\u00eda de Presidentes\u00bb, dijo muy emocionada Angelita Hessel, actual Presidenta de Fundaci\u00f3n Las Colonias.<\/p>\n\n\n\n<p>Tambi\u00e9n, Guilermo y Evangelina Steffen brindaron unas palabras a los presentes recordando a su padre con varias an\u00e9cdotas, narradas de manera risue\u00f1a.<\/p>\n\n\n\n<p>Finalizado el peque\u00f1o homenaje, los presentes, disfrutaron de un \u00e1gape como despedida de A\u00f1o.   <\/p>\n","protected":false},"excerpt":{"rendered":"<p>El pasado jueves por la noche, la Comisi\u00f3n Directiva realiz\u00f3 su \u00faltima reuni\u00f3n de este 2021. Finalizada la misma, brindaron un homenaje a nuestro querido y recordado Danilo Steffen, quien fuera presidente hasta sus \u00faltimos d\u00edas de vida. Estuvieron presentes sus hijos, Evangelina y Guillermo, Nicol\u00e1s Schneider y Jos\u00e9 Luis Perren,, ex Presidentes de Fundaci\u00f3n. [&hellip;]<\/p>\n","protected":false},"author":5,"featured_media":19826,"comment_status":"open","ping_status":"open","sticky":false,"template":"","format":"standard","meta":[],"categories":[2306],"tags":[],"_links":{"self":[{"href":"http:\/\/rurallascolonias.com.ar\/index.php?rest_route=\/wp\/v2\/posts\/19825"}],"collection":[{"href":"http:\/\/rurallascolonias.com.ar\/index.php?rest_route=\/wp\/v2\/posts"}],"about":[{"href":"http:\/\/rurallascolonias.com.ar\/index.php?rest_route=\/wp\/v2\/types\/post"}],"author":[{"embeddable":true,"href":"http:\/\/rurallascolonias.com.ar\/index.php?rest_route=\/wp\/v2\/users\/5"}],"replies":[{"embeddable":true,"href":"http:\/\/rurallascolonias.com.ar\/index.php?rest_route=%2Fwp%2Fv2%2Fcomments&post=19825"}],"version-history":[{"count":3,"href":"http:\/\/rurallascolonias.com.ar\/index.php?rest_route=\/wp\/v2\/posts\/19825\/revisions"}],"predecessor-version":[{"id":19829,"href":"http:\/\/rurallascolonias.com.ar\/index.php?rest_route=\/wp\/v2\/posts\/19825\/revisions\/19829"}],"wp:featuredmedia":[{"embeddable":true,"href":"http:\/\/rurallascolonias.com.ar\/index.php?rest_route=\/wp\/v2\/media\/19826"}],"wp:attachment":[{"href":"http:\/\/rurallascolonias.com.ar\/index.php?rest_route=%2Fwp%2Fv2%2Fmedia&parent=19825"}],"wp:term":[{"taxonomy":"category","embeddable":true,"href":"http:\/\/rurallascolonias.com.ar\/index.php?rest_route=%2Fwp%2Fv2%2Fcategories&post=19825"},{"taxonomy":"post_tag","embeddable":true,"href":"http:\/\/rurallascolonias.com.ar\/index.php?rest_route=%2Fwp%2Fv2%2Ftags&post=19825"}],"curies":[{"name":"wp","href":"https:\/\/api.w.org\/{rel}","templated":true}]}}