{"id":19814,"date":"2021-12-03T14:52:51","date_gmt":"2021-12-03T14:52:51","guid":{"rendered":"http:\/\/rurallascolonias.com.ar\/?p=19814"},"modified":"2021-12-03T14:52:51","modified_gmt":"2021-12-03T14:52:51","slug":"emergencia-lactea-presentan-un-proyecto-de-ley-en-diputados","status":"publish","type":"post","link":"http:\/\/rurallascolonias.com.ar\/?p=19814","title":{"rendered":"EMERGENCIA L\u00c1CTEA: PRESENTAN UN PROYECTO DE LEY EN DIPUTADOS"},"content":{"rendered":"\n<p>El legislador Luis Contigiani busca evitar que la situaci\u00f3n se profundice; la medida ser\u00eda por un a\u00f1o<\/p>\n\n\n\n<p>En el \u00faltimo tramo del a\u00f1o legislativo, el diputado santafesino,&nbsp;<strong>Luis Contigiani,<\/strong>&nbsp;present\u00f3 un proyecto para declarar la<a href=\"https:\/\/news.agrofy.com.ar\/tags\/lecheria\" target=\"_blank\" rel=\"noreferrer noopener\">&nbsp;emergencia en el sector l\u00e1cte<\/a>o. La iniciativa busca evitar que la situaci\u00f3n se&nbsp;<strong>profundice y ofrecer l\u00edneas crediticias.<\/strong><\/p>\n\n\n\n<p>El proyecto solicita la declaraci\u00f3n de la emergencia por 365 d\u00edas y pide que se convoque a todos los eslabones de la cadena de valor l\u00e1ctea, a los efectos de intervenir sobre los m\u00e1rgenes de rentabilidad de cada eslab\u00f3n. \u201cEl objetivo es que el precio a los productores sea suficiente para sostener su estructura de costos\u201d, sostiene el texto.<\/p>\n\n\n\n<p>Contigiani argument\u00f3 que de tener en el pa\u00eds&nbsp;<strong>m\u00e1s de 30.000 tambos en 1988,<\/strong>&nbsp;el pa\u00eds est\u00e1 cerca de 10.000 tambos en los \u00faltimos a\u00f1os. Adem\u00e1s, agreg\u00f3: \u201cSi bien no hay dos tambos con un mismo costo, puede afirmarse hoy que el precio por litro efectivamente cobrado por el tambero en la Argentina, se ubica por debajo de la capacidad de pago del sector industrial\u201d.<\/p>\n\n\n\n<p>Por su parte, el Observatorio de la cadena L\u00e1ctea Argentina inform\u00f3 que el tambo promedio logr\u00f3<strong>\u00a0incrementar la facturaci\u00f3n en relaci\u00f3n a 2020<\/strong>. Adem\u00e1s, se logr\u00f3 un aumento de la producci\u00f3n del 4,2 %.<\/p>\n\n\n\n<h2>Lecher\u00eda<\/h2>\n\n\n\n<p>Uno de los art\u00edculos propone la creaci\u00f3n un Fondo de Emergencia L\u00e1cteo y una l\u00ednea de cr\u00e9ditos orientada y extraordinaria, con tasas de inter\u00e9s&nbsp;<strong>acordes a la situaci\u00f3n del productor<\/strong>&nbsp;y de las pymes industriales, tiempo de gracia y varios a\u00f1os para su devoluci\u00f3n.&nbsp;<\/p>\n\n\n\n<p>Por otra parte, plantea la elaboraci\u00f3n de un plan que tenga como objetivo una lecher\u00eda en crecimiento y desarrollo.<\/p>\n\n\n\n<ul><li>Crear un fondo antic\u00edclico permanente, con aportes privados y del Estado Nacional, que permita estabilizar los precios que se pagan al productor, minimizando as\u00ed las fluctuaciones que habitualmente se generan en el mercado. La tasa de inversi\u00f3n en el sector l\u00e1cteo tiene un per\u00edodo de maduraci\u00f3n que se mide en a\u00f1os, no en meses, a diferencia de lo que pasa con la actividad agr\u00edcola<\/li><li>Llevar adelante un plan para promover exportaciones del sector<\/li><li>Promover la integraci\u00f3n, a trav\u00e9s de pr\u00e1cticas asociativas en toda la cadena de valor, con el objeto de generar las escalas adecuadas que permiten a su vez promover en el tiempo competitividad sist\u00e9mica. Esta actividad estar\u00e1 orientada a las empresas Pymes sectoriales.<\/li><li>Desarrollar planes de capacitaci\u00f3n en todos los eslabones de la cadena de valor.<\/li><li>Impulsar medidas que promuevan mercados transparentes, institucionalizados y formales en la lecher\u00eda.<\/li><li>Promover y financiar la investigaci\u00f3n de nuevas tecnolog\u00edas, tanto de producto como de proceso, a trav\u00e9s de las universidades y el CONICET.<\/li><li>Integrar la lecher\u00eda de subsistencia, a trav\u00e9s de planes articulados con las \u00e1reas sociales del Gobierno Nacional blanquear la actividad productiva y sumar a estos productores y empresas industriales, a los circuitos formales.<\/li><\/ul>\n\n\n\n<p>Fuente: lecher\u00edalatina<\/p>\n","protected":false},"excerpt":{"rendered":"<p>El legislador Luis Contigiani busca evitar que la situaci\u00f3n se profundice; la medida ser\u00eda por un a\u00f1o En el \u00faltimo tramo del a\u00f1o legislativo, el diputado santafesino,&nbsp;Luis Contigiani,&nbsp;present\u00f3 un proyecto para declarar la&nbsp;emergencia en el sector l\u00e1cteo. La iniciativa busca evitar que la situaci\u00f3n se&nbsp;profundice y ofrecer l\u00edneas crediticias. El proyecto solicita la declaraci\u00f3n de [&hellip;]<\/p>\n","protected":false},"author":5,"featured_media":19815,"comment_status":"open","ping_status":"open","sticky":false,"template":"","format":"standard","meta":[],"categories":[1],"tags":[],"_links":{"self":[{"href":"http:\/\/rurallascolonias.com.ar\/index.php?rest_route=\/wp\/v2\/posts\/19814"}],"collection":[{"href":"http:\/\/rurallascolonias.com.ar\/index.php?rest_route=\/wp\/v2\/posts"}],"about":[{"href":"http:\/\/rurallascolonias.com.ar\/index.php?rest_route=\/wp\/v2\/types\/post"}],"author":[{"embeddable":true,"href":"http:\/\/rurallascolonias.com.ar\/index.php?rest_route=\/wp\/v2\/users\/5"}],"replies":[{"embeddable":true,"href":"http:\/\/rurallascolonias.com.ar\/index.php?rest_route=%2Fwp%2Fv2%2Fcomments&post=19814"}],"version-history":[{"count":1,"href":"http:\/\/rurallascolonias.com.ar\/index.php?rest_route=\/wp\/v2\/posts\/19814\/revisions"}],"predecessor-version":[{"id":19816,"href":"http:\/\/rurallascolonias.com.ar\/index.php?rest_route=\/wp\/v2\/posts\/19814\/revisions\/19816"}],"wp:featuredmedia":[{"embeddable":true,"href":"http:\/\/rurallascolonias.com.ar\/index.php?rest_route=\/wp\/v2\/media\/19815"}],"wp:attachment":[{"href":"http:\/\/rurallascolonias.com.ar\/index.php?rest_route=%2Fwp%2Fv2%2Fmedia&parent=19814"}],"wp:term":[{"taxonomy":"category","embeddable":true,"href":"http:\/\/rurallascolonias.com.ar\/index.php?rest_route=%2Fwp%2Fv2%2Fcategories&post=19814"},{"taxonomy":"post_tag","embeddable":true,"href":"http:\/\/rurallascolonias.com.ar\/index.php?rest_route=%2Fwp%2Fv2%2Ftags&post=19814"}],"curies":[{"name":"wp","href":"https:\/\/api.w.org\/{rel}","templated":true}]}}