{"id":19799,"date":"2021-11-17T14:32:12","date_gmt":"2021-11-17T14:32:12","guid":{"rendered":"http:\/\/rurallascolonias.com.ar\/?p=19799"},"modified":"2021-11-17T14:32:19","modified_gmt":"2021-11-17T14:32:19","slug":"los-referentes-del-agro-que-llegan-al-congreso","status":"publish","type":"post","link":"http:\/\/rurallascolonias.com.ar\/?p=19799","title":{"rendered":"LOS REFERENTES DEL AGRO QUE LLEGAN AL CONGRESO"},"content":{"rendered":"\n<p>La Fundaci\u00f3n Barbechando realiz\u00f3 un informe que detalla que candidatos ligados al agro ocuparan lugares en el congreso.<\/p>\n\n\n\n<p>De los 14 candidatos referentes del agro que siguieron en carrera post PASO, 9 de ellos se aseguraron la banca. Cuatro de ellos provienen de la actividad privada y se lanzaron a la arena pol\u00edtica:<\/p>\n\n\n\n<p>? Pedro Galimberti (JXC-Entre R\u00edos): Productor agropecuario e intendente de Chajar\u00ed; presidi\u00f3 la Sociedad Rural local<\/p>\n\n\n\n<p>? Juan Carlos Polini (JXC-Chaco): Productor agropecuario e intendente de Coronel Du Graty<\/p>\n\n\n\n<p>? Pablo Cervi (JXC-Neuqu\u00e9n): Ingeniero agr\u00f3nomo y productor frut\u00edcola<\/p>\n\n\n\n<p>? Roberto S\u00e1nchez (JXC-Tucum\u00e1n): Ingeniero agr\u00f3nomo y productor agropecuario<\/p>\n\n\n\n<p>Seis de ellos con alguna vinculaci\u00f3n con el agro:<\/p>\n\n\n\n<p>? Juan Manuel L\u00f3pez (JXC-Buenos Aires): oriundo de Saladillo y t\u00e9cnico en producci\u00f3n agropecuaria<\/p>\n\n\n\n<p>? Jos\u00e9 Luis Espert (Avanza Libertad-Buenos Aires): productor agropecuario en Pergamino<\/p>\n\n\n\n<p>? Mart\u00edn Maquieyra (JXC-La Pampa): de familia agropecuaria<\/p>\n\n\n\n<p>? Daniel Kroneberger (JXC-La Pampa): productor agropecuario. Ex intendente de Colonia Bar\u00f3n<\/p>\n\n\n\n<p>? Rogelio Frigerio (JXC-Entre R\u00edos): productor agropecuario de Villa Paranacito y ex Ministro del Interior.<\/p>\n\n\n\n<p>? Gabriela Brower de Koening (JXC-C\u00f3rdoba): familia prodcutora agropecuaria en R\u00edo Tercero.<\/p>\n\n\n\n<p>Hay 2 candidatos con directa vinculaci\u00f3n al agro que no pudieron mejorar su elecci\u00f3n y quedaron afuera del Congreso: Sergio Busso (Hacemos por C\u00f3rdoba) y Carlos Iannizzoto (Partido Federal-Mendoza).<\/p>\n\n\n\n<p>Tampoco llegaron Luis Contigiani (Primero Santa Fe); Ariel Rauschemberger (FDT-La Pampa); Tan\u00e9 de Souza (Felicidad-Salta) y Cristian Klingbeil (Junto por el Cambio-Misiones).<\/p>\n\n\n\n<p>De esta forma, sumado a los diputados que siguen en carrera hasta 2023 o 2025, el Congreso de la Naci\u00f3n cuenta con 25 legisladores con alguna vinculaci\u00f3n al agro, en mayor o menor medida.<\/p>\n\n\n\n<p><strong>Agenda agro<\/strong><\/p>\n\n\n\n<p>Hasta el 10 de diciembre, cuando asuma la nueva conformaci\u00f3n de la C\u00e1mara, el oficialismo intentar\u00e1 avanzar con una agenda propia de proyectos. As\u00ed es que, ma\u00f1ana, hay una seguidilla de comisiones con iniciativas vinculados a la agenda del sector como agricultura familiar, regularizaci\u00f3n de tierras, promoci\u00f3n del c\u00e1\u00f1amo industrial, entre otros.<\/p>\n\n\n\n<p>A posteriori, Diputados y Senadores buscar\u00e1 sesionar antes de que termine el periodo ordinario, pero el dilema ser\u00e1 si el oficialismo buscar\u00e1 una agenda propia -para ello, primero debe asegurarse el qu\u00f3rum, es decir, lograr el apoyo de 9 diputados externos al bloque, que no estar\u00edan garantizados-, o bien se ver\u00e1 obligado de negociar con la oposici\u00f3n una sesi\u00f3n de consenso.<\/p>\n\n\n\n<p>Dentro de los proyectos en agenda agro, con alg\u00fan grado de apoyo de ambos bloques se destacan: el aumento del m\u00ednimo de bienes personales, el bono verde -beneficio para productores forestales-, la promoci\u00f3n del cannabis medicinal y c\u00e1\u00f1amo industrial, el reciclado de neum\u00e1ticos y la emergencia ind\u00edgena.<\/p>\n\n\n\n<p><strong>Comisiones<\/strong><\/p>\n\n\n\n<p>Con la renovaci\u00f3n de las bancas y el nuevo Congreso se abre una nueva disputa: las presidencias de comisiones.<\/p>\n\n\n\n<p>Desde la Fundaci\u00f3n Barbechando destacaron la importancia que tienen las comisiones como espacio de debate t\u00e9cnico ya que, dentro de ellas, \u00abse define parte importante de la agenda que marcara el desarrollo de la Agrobioindustria en los pr\u00f3ximos a\u00f1os\u00bb.<\/p>\n\n\n\n<p>Seg\u00fan acuerdos de bloques, las comisiones se reparten proporcionalmente a la representatividad de los bloques parlamentarios.<\/p>\n\n\n\n<p>Con la nueva conformaci\u00f3n del Congreso, en el Senado de la Naci\u00f3n, en particular, y en menor medida, en Diputados, la oposici\u00f3n tendr\u00e1 la posibilidad de negociar la presidencia de algunas de las comisiones.<\/p>\n\n\n\n<p>Actualmente, de las tres comisiones que atienden los asuntos agropecuarios -Agricultura, Ambiente y Econom\u00edas Regionales-, la mayor\u00eda est\u00e1n en manos del oficialismo.<\/p>\n\n\n\n<p><strong>Senado:<\/strong><\/p>\n\n\n\n<p>? Agricultura: Alberto Weretilneck (partido provincial R\u00edo Negro)<\/p>\n\n\n\n<p>? Ambiente: Gladys Gonzalez (PRO-Buenos Aires)<\/p>\n\n\n\n<p>? Econom\u00edas Regionales: Nora Gimenez (FDT-Salta)<\/p>\n\n\n\n<p><strong>Diputados<\/strong><\/p>\n\n\n\n<p>? Agricultura: Jos\u00e9 Ruiz Arag\u00f3n (FDT-Corrientes)<\/p>\n\n\n\n<p>? Ambiente: Leonardo Grosso (FDT-Buenos Aires)<\/p>\n\n\n\n<p>? Econom\u00edas Regionales: Carlos Guti\u00e9rrez (Hacemos por C\u00f3rdoba)<\/p>\n\n\n\n<p>Fuente: Campolitoral<\/p>\n","protected":false},"excerpt":{"rendered":"<p>La Fundaci\u00f3n Barbechando realiz\u00f3 un informe que detalla que candidatos ligados al agro ocuparan lugares en el congreso. De los 14 candidatos referentes del agro que siguieron en carrera post PASO, 9 de ellos se aseguraron la banca. Cuatro de ellos provienen de la actividad privada y se lanzaron a la arena pol\u00edtica: ? Pedro [&hellip;]<\/p>\n","protected":false},"author":5,"featured_media":19800,"comment_status":"open","ping_status":"open","sticky":false,"template":"","format":"standard","meta":[],"categories":[1],"tags":[],"_links":{"self":[{"href":"http:\/\/rurallascolonias.com.ar\/index.php?rest_route=\/wp\/v2\/posts\/19799"}],"collection":[{"href":"http:\/\/rurallascolonias.com.ar\/index.php?rest_route=\/wp\/v2\/posts"}],"about":[{"href":"http:\/\/rurallascolonias.com.ar\/index.php?rest_route=\/wp\/v2\/types\/post"}],"author":[{"embeddable":true,"href":"http:\/\/rurallascolonias.com.ar\/index.php?rest_route=\/wp\/v2\/users\/5"}],"replies":[{"embeddable":true,"href":"http:\/\/rurallascolonias.com.ar\/index.php?rest_route=%2Fwp%2Fv2%2Fcomments&post=19799"}],"version-history":[{"count":1,"href":"http:\/\/rurallascolonias.com.ar\/index.php?rest_route=\/wp\/v2\/posts\/19799\/revisions"}],"predecessor-version":[{"id":19801,"href":"http:\/\/rurallascolonias.com.ar\/index.php?rest_route=\/wp\/v2\/posts\/19799\/revisions\/19801"}],"wp:featuredmedia":[{"embeddable":true,"href":"http:\/\/rurallascolonias.com.ar\/index.php?rest_route=\/wp\/v2\/media\/19800"}],"wp:attachment":[{"href":"http:\/\/rurallascolonias.com.ar\/index.php?rest_route=%2Fwp%2Fv2%2Fmedia&parent=19799"}],"wp:term":[{"taxonomy":"category","embeddable":true,"href":"http:\/\/rurallascolonias.com.ar\/index.php?rest_route=%2Fwp%2Fv2%2Fcategories&post=19799"},{"taxonomy":"post_tag","embeddable":true,"href":"http:\/\/rurallascolonias.com.ar\/index.php?rest_route=%2Fwp%2Fv2%2Ftags&post=19799"}],"curies":[{"name":"wp","href":"https:\/\/api.w.org\/{rel}","templated":true}]}}