{"id":19795,"date":"2021-11-09T23:48:36","date_gmt":"2021-11-09T23:48:36","guid":{"rendered":"http:\/\/rurallascolonias.com.ar\/?p=19795"},"modified":"2021-11-09T23:48:41","modified_gmt":"2021-11-09T23:48:41","slug":"la-sociedad-rural-de-las-colonias-tuvo-su-asamblea","status":"publish","type":"post","link":"http:\/\/rurallascolonias.com.ar\/?p=19795","title":{"rendered":"LA SOCIEDAD RURAL DE LAS COLONIAS TUVO SU ASAMBLEA"},"content":{"rendered":"\n<p>Fue, como todos los a\u00f1os, en su sede social de calle 25 de Mayo. Antes de dar inicio a la Asamblea, Diego Alonso pidi\u00f3 un minuto de silencio para recordar a Danilo Steffen quien falleciera en mayo pasado.<\/p>\n\n\n\n<p>En la oportunidad se trataron los siguientes puntos: lectura y consideraci\u00f3n del acta de la asamblea anterior; memoria, balance general y cuadro de p\u00e9rdidas y ganancias al 30\/06\/2021 e informe de la nueva comisi\u00f3n Revisora de Cuentas. Elecci\u00f3n parcial de la Comisi\u00f3n Directiva. Design\u00e1ndose dos Delegados asignados (Ruth Strasser y Alfredo Triunfini) para firmar el acta con el presidente y secretario.<\/p>\n\n\n\n<p>La Comisi\u00f3n queda conformada de la siguiente manera: Presidente Diego Alonso, Vice Presidente Luis Zurverra, Secretario Mauricio Minetti, Prosecretario Lucas Farioli, Tesorero, Jos\u00e9 Luis Alonso, Protesorero Eric Pogliani. La designaci\u00f3n de cuatro vocales: Marcelo D\u00e1ndolo, Fernando Riva, Miguel Galiasso y Sergio Roskopf.<\/p>\n\n\n\n<p>Los revisores de cuenta titulares son: Angelita Hessel, Walter Coraglia y Ana Paula Cavallero. Y los suplentes son: Alfredo Triunfini, Eduardo Weidmann y Leandro Perren.<\/p>\n\n\n\n<p>Antes de dar por finalizada la Asamblea, el Presidente de la entidad coment\u00f3 acerca de los temas que m\u00e1s se abordan en Comisi\u00f3n debido a la preocupaci\u00f3n y urgencia; a saber, Inseguridad y situaci\u00f3n cr\u00edtica de la Guardia Rural Los Pumas, Caminos Rurales y la necesidad de sumar m\u00e1s gente a la Rural para trabajar y participar, principalmente j\u00f3venes.<\/p>\n\n\n\n<p>Sociedad Rural de Las Colonias<\/p>\n","protected":false},"excerpt":{"rendered":"<p>Fue, como todos los a\u00f1os, en su sede social de calle 25 de Mayo. Antes de dar inicio a la Asamblea, Diego Alonso pidi\u00f3 un minuto de silencio para recordar a Danilo Steffen quien falleciera en mayo pasado. En la oportunidad se trataron los siguientes puntos: lectura y consideraci\u00f3n del acta de la asamblea anterior; [&hellip;]<\/p>\n","protected":false},"author":5,"featured_media":19796,"comment_status":"open","ping_status":"open","sticky":false,"template":"","format":"standard","meta":[],"categories":[1],"tags":[],"_links":{"self":[{"href":"http:\/\/rurallascolonias.com.ar\/index.php?rest_route=\/wp\/v2\/posts\/19795"}],"collection":[{"href":"http:\/\/rurallascolonias.com.ar\/index.php?rest_route=\/wp\/v2\/posts"}],"about":[{"href":"http:\/\/rurallascolonias.com.ar\/index.php?rest_route=\/wp\/v2\/types\/post"}],"author":[{"embeddable":true,"href":"http:\/\/rurallascolonias.com.ar\/index.php?rest_route=\/wp\/v2\/users\/5"}],"replies":[{"embeddable":true,"href":"http:\/\/rurallascolonias.com.ar\/index.php?rest_route=%2Fwp%2Fv2%2Fcomments&post=19795"}],"version-history":[{"count":1,"href":"http:\/\/rurallascolonias.com.ar\/index.php?rest_route=\/wp\/v2\/posts\/19795\/revisions"}],"predecessor-version":[{"id":19797,"href":"http:\/\/rurallascolonias.com.ar\/index.php?rest_route=\/wp\/v2\/posts\/19795\/revisions\/19797"}],"wp:featuredmedia":[{"embeddable":true,"href":"http:\/\/rurallascolonias.com.ar\/index.php?rest_route=\/wp\/v2\/media\/19796"}],"wp:attachment":[{"href":"http:\/\/rurallascolonias.com.ar\/index.php?rest_route=%2Fwp%2Fv2%2Fmedia&parent=19795"}],"wp:term":[{"taxonomy":"category","embeddable":true,"href":"http:\/\/rurallascolonias.com.ar\/index.php?rest_route=%2Fwp%2Fv2%2Fcategories&post=19795"},{"taxonomy":"post_tag","embeddable":true,"href":"http:\/\/rurallascolonias.com.ar\/index.php?rest_route=%2Fwp%2Fv2%2Ftags&post=19795"}],"curies":[{"name":"wp","href":"https:\/\/api.w.org\/{rel}","templated":true}]}}